{"id":122480,"date":"2025-10-28T12:02:57","date_gmt":"2025-10-28T12:02:57","guid":{"rendered":"https:\/\/www.itasean.org\/?p=122480"},"modified":"2025-10-28T12:03:01","modified_gmt":"2025-10-28T12:03:01","slug":"asean-timor-leste-nuovo-membro-amb-pipan-segnale-di-pace-e-sviluppo","status":"publish","type":"post","link":"https:\/\/www.itasean.org\/en\/asean-timor-leste-nuovo-membro-amb-pipan-segnale-di-pace-e-sviluppo\/","title":{"rendered":"ASEAN, Timor Leste nuovo membro. Amb. Pipan: &#8220;Segnale di pace e sviluppo&#8221;"},"content":{"rendered":"<p><em>Durante il vertice di Kuala Lumpur, la piccola repubblica indipendente dal 2002 \u00e8 diventata l&#8217;undicesimo appartenente al gruppo dei Paesi del Sud-Est asiatico<\/em><\/p>\n\n\n\n<p>&#8220;L\u2019adesione della piccola repubblica di Timor Leste segna un momento importante per il Paese e per l\u2019intero ASEAN&#8221;. L&#8217;Ambasciatore Michelangelo Pipan, Presidente dell&#8217;Associazione Italia-ASEAN, commenta cos\u00ec l&#8217;ammissione di Dili nell&#8217;Associazione delle Nazioni del Sud-Est asiatico, formalizzata durante il summit in corso a Kuala Lumpur. &#8220;Timor Leste, dopo gli anni dolorosi dell\u2019occupazione indonesiana e l\u2019indipendenza faticosamente conquistata nel 2002, raggiunge un livello internazionale che le d\u00e0 prestigio e le consente di far parte di un\u2019organizzazione regionale che certamente le offre una cintura di protezione e le conferisce autorevolezza&#8221;, prosegue Pipan. &#8220;Per l\u2019ASEAN si tratta di un allargamento significativo che dimostra la fondatezza delle sue ragioni di pace, tolleranza e progresso&#8221;.<\/p>\n\n\n\n<p>Si tratta della prima espansione del gruppo dagli anni &#8217;90. &#8220;\u00c8 un sogno che si realizza, ha dichiarato il primo ministro&nbsp;<strong>Xanana Gusm\u00e3o<\/strong>&nbsp;agli altri leader, mentre la bandiera di Timor Leste veniva aggiunta alle altre dieci sul palco durante la cerimonia ufficiale. Per Timor Leste, l\u2019adesione all\u2019ASEAN offre accesso agli accordi commerciali del blocco, opportunit\u00e0 di investimento e un mercato regionale sempre pi\u00f9 vasto e dinamico. Ma l&#8217;arrivo dell&#8217;undicesimo membro ha anche un significato pi\u00f9 ampio, come spiega l&#8217;Ambasciatore Pipan.<\/p>\n\n\n\n<p>&#8220;In un momento intriso di forti tensioni internazionali, nel Sud-Est asiatico con l\u2019adesione di Timor Leste si corona un lungo periodo di ricerca della pace attraverso il dialogo e l\u2019accettazione della diversit\u00e0&#8221;, dice il Presidente dell&#8217;Associazione Italia-ASEAN. &#8220;Dopo le ferite del passato, i Paesi ASEAN sono ora piu che mai impegnati, attraverso la cooperazione interna e la apertura senza riserve al mondo, verso la pace, lo sviluppo e la costruzione economica e sociale&#8221;, conclude Pipan.<\/p>","protected":false},"excerpt":{"rendered":"<p>Durante il vertice di Kuala Lumpur, la piccola repubblica indipendente dal 2002 \u00e8 diventata l&#8217;undicesimo appartenente al gruppo dei Paesi del Sud-Est asiatico &#8220;L\u2019adesione della piccola repubblica di Timor Leste segna un momento importante per il Paese e per l\u2019intero ASEAN&#8221;. L&#8217;Ambasciatore Michelangelo Pipan, Presidente dell&#8217;Associazione Italia-ASEAN, commenta cos\u00ec l&#8217;ammissione di Dili nell&#8217;Associazione delle Nazioni<a class=\"btn btn-primary more-link\" href=\"https:\/\/www.itasean.org\/en\/asean-timor-leste-nuovo-membro-amb-pipan-segnale-di-pace-e-sviluppo\/\">Continue reading<\/a><\/p>","protected":false},"author":12,"featured_media":122483,"comment_status":"closed","ping_status":"closed","sticky":false,"template":"","format":"standard","meta":{"_bbp_topic_count":0,"_bbp_reply_count":0,"_bbp_total_topic_count":0,"_bbp_total_reply_count":0,"_bbp_voice_count":0,"_bbp_anonymous_reply_count":0,"_bbp_topic_count_hidden":0,"_bbp_reply_count_hidden":0,"_bbp_forum_subforum_count":0,"_price":"","_stock":"","_tribe_ticket_header":"","_tribe_default_ticket_provider":"","_tribe_ticket_capacity":"0","_ticket_start_date":"","_ticket_end_date":"","_tribe_ticket_show_description":"","_tribe_ticket_show_not_going":false,"_tribe_ticket_use_global_stock":"","_tribe_ticket_global_stock_level":"","_global_stock_mode":"","_global_stock_cap":"","_tribe_rsvp_for_event":"","_tribe_ticket_going_count":"","_tribe_ticket_not_going_count":"","_tribe_tickets_list":[],"_tribe_ticket_has_attendee_info_fields":false,"_EventAllDay":false,"_EventTimezone":"","_EventStartDate":"","_EventEndDate":"","_EventStartDateUTC":"","_EventEndDateUTC":"","_EventShowMap":false,"_EventShowMapLink":false,"_EventURL":"","_EventCost":"","_EventCostDescription":"","_EventCurrencySymbol":"","_EventCurrencyPosition":"","_EventDateTimeSeparator":"","_EventTimeRangeSeparator":"","_EventOrganizerID":[],"_EventVenueID":0,"_OrganizerEmail":"","_OrganizerPhone":"","_OrganizerWebsite":"","_VenueAddress":"","_VenueCity":"","_VenueCountry":"","_VenueProvince":"","_VenueZip":"","_VenuePhone":"","_VenueURL":"","_VenueStateProvince":"","_VenueLat":"","_VenueLng":""},"categories":[92,513],"tags":[],"yoast_head":"<!-- This site is optimized with the Yoast SEO plugin v17.0 - https:\/\/yoast.com\/wordpress\/plugins\/seo\/ -->\n<title>ASEAN, Timor Leste nuovo membro. Amb. Pipan: &quot;Segnale di pace e sviluppo&quot; - Associazione Italia Asean<\/title>\n<meta name=\"robots\" content=\"index, follow, max-snippet:-1, max-image-preview:large, max-video-preview:-1\" \/>\n<link rel=\"canonical\" href=\"https:\/\/www.itasean.org\/en\/asean-timor-leste-nuovo-membro-amb-pipan-segnale-di-pace-e-sviluppo\/\" \/>\n<meta property=\"og:locale\" content=\"en_GB\" \/>\n<meta property=\"og:type\" content=\"article\" \/>\n<meta property=\"og:title\" content=\"ASEAN, Timor Leste nuovo membro. Amb. Pipan: &quot;Segnale di pace e sviluppo&quot; - Associazione Italia Asean\" \/>\n<meta property=\"og:description\" content=\"Durante il vertice di Kuala Lumpur, la piccola repubblica indipendente dal 2002 \u00e8 diventata l&#8217;undicesimo appartenente al gruppo dei Paesi del Sud-Est asiatico &#8220;L\u2019adesione della piccola repubblica di Timor Leste segna un momento importante per il Paese e per l\u2019intero ASEAN&#8221;. L&#8217;Ambasciatore Michelangelo Pipan, Presidente dell&#8217;Associazione Italia-ASEAN, commenta cos\u00ec l&#8217;ammissione di Dili nell&#8217;Associazione delle NazioniContinue reading\" \/>\n<meta property=\"og:url\" content=\"https:\/\/www.itasean.org\/en\/asean-timor-leste-nuovo-membro-amb-pipan-segnale-di-pace-e-sviluppo\/\" \/>\n<meta property=\"og:site_name\" content=\"Associazione Italia Asean\" \/>\n<meta property=\"article:published_time\" content=\"2025-10-28T12:02:57+00:00\" \/>\n<meta property=\"article:modified_time\" content=\"2025-10-28T12:03:01+00:00\" \/>\n<meta property=\"og:image\" content=\"https:\/\/www.itasean.org\/wp-content\/uploads\/2025\/10\/Timor-Leste-1111x740-1.jpg\" \/>\n\t<meta property=\"og:image:width\" content=\"1111\" \/>\n\t<meta property=\"og:image:height\" content=\"740\" \/>\n<meta name=\"twitter:card\" content=\"summary_large_image\" \/>\n<meta name=\"twitter:label1\" content=\"Written by\" \/>\n\t<meta name=\"twitter:data1\" content=\"Redazione\" \/>\n\t<meta name=\"twitter:label2\" content=\"Estimated reading time\" \/>\n\t<meta name=\"twitter:data2\" content=\"2 minutes\" \/>\n<script type=\"application\/ld+json\" class=\"yoast-schema-graph\">{\"@context\":\"https:\/\/schema.org\",\"@graph\":[{\"@type\":\"WebSite\",\"@id\":\"https:\/\/www.itasean.org\/#website\",\"url\":\"https:\/\/www.itasean.org\/\",\"name\":\"Associazione Italia Asean\",\"description\":\"\",\"potentialAction\":[{\"@type\":\"SearchAction\",\"target\":{\"@type\":\"EntryPoint\",\"urlTemplate\":\"https:\/\/www.itasean.org\/?s={search_term_string}\"},\"query-input\":\"required name=search_term_string\"}],\"inLanguage\":\"en-GB\"},{\"@type\":\"ImageObject\",\"@id\":\"https:\/\/www.itasean.org\/asean-timor-leste-nuovo-membro-amb-pipan-segnale-di-pace-e-sviluppo\/#primaryimage\",\"inLanguage\":\"en-GB\",\"url\":\"https:\/\/www.itasean.org\/wp-content\/uploads\/2025\/10\/Timor-Leste-1111x740-1.jpg\",\"contentUrl\":\"https:\/\/www.itasean.org\/wp-content\/uploads\/2025\/10\/Timor-Leste-1111x740-1.jpg\",\"width\":1111,\"height\":740},{\"@type\":\"WebPage\",\"@id\":\"https:\/\/www.itasean.org\/asean-timor-leste-nuovo-membro-amb-pipan-segnale-di-pace-e-sviluppo\/#webpage\",\"url\":\"https:\/\/www.itasean.org\/asean-timor-leste-nuovo-membro-amb-pipan-segnale-di-pace-e-sviluppo\/\",\"name\":\"ASEAN, Timor Leste nuovo membro. Amb. Pipan: \\\"Segnale di pace e sviluppo\\\" - Associazione Italia Asean\",\"isPartOf\":{\"@id\":\"https:\/\/www.itasean.org\/#website\"},\"primaryImageOfPage\":{\"@id\":\"https:\/\/www.itasean.org\/asean-timor-leste-nuovo-membro-amb-pipan-segnale-di-pace-e-sviluppo\/#primaryimage\"},\"datePublished\":\"2025-10-28T12:02:57+00:00\",\"dateModified\":\"2025-10-28T12:03:01+00:00\",\"author\":{\"@id\":\"https:\/\/www.itasean.org\/#\/schema\/person\/5f42a9b786e7464950082a049475085c\"},\"breadcrumb\":{\"@id\":\"https:\/\/www.itasean.org\/asean-timor-leste-nuovo-membro-amb-pipan-segnale-di-pace-e-sviluppo\/#breadcrumb\"},\"inLanguage\":\"en-GB\",\"potentialAction\":[{\"@type\":\"ReadAction\",\"target\":[\"https:\/\/www.itasean.org\/asean-timor-leste-nuovo-membro-amb-pipan-segnale-di-pace-e-sviluppo\/\"]}]},{\"@type\":\"BreadcrumbList\",\"@id\":\"https:\/\/www.itasean.org\/asean-timor-leste-nuovo-membro-amb-pipan-segnale-di-pace-e-sviluppo\/#breadcrumb\",\"itemListElement\":[{\"@type\":\"ListItem\",\"position\":1,\"name\":\"Home\",\"item\":\"https:\/\/www.itasean.org\/\"},{\"@type\":\"ListItem\",\"position\":2,\"name\":\"ASEAN, Timor Leste nuovo membro. Amb. Pipan: &#8220;Segnale di pace e sviluppo&#8221;\"}]},{\"@type\":\"Person\",\"@id\":\"https:\/\/www.itasean.org\/#\/schema\/person\/5f42a9b786e7464950082a049475085c\",\"name\":\"Redazione\",\"image\":{\"@type\":\"ImageObject\",\"@id\":\"https:\/\/www.itasean.org\/#personlogo\",\"inLanguage\":\"en-GB\",\"url\":\"https:\/\/www.itasean.org\/wp-content\/uploads\/avatars\/12\/5dd7e6b2b87b8-bpfull.png\",\"contentUrl\":\"https:\/\/www.itasean.org\/wp-content\/uploads\/avatars\/12\/5dd7e6b2b87b8-bpfull.png\",\"caption\":\"Redazione\"},\"url\":\"https:\/\/www.itasean.org\/en\/\/members\/andrealamberti\/\"}]}<\/script>\n<!-- \/ Yoast SEO plugin. -->","yoast_head_json":{"title":"ASEAN, Timor Leste nuovo membro. Amb. Pipan: \"Segnale di pace e sviluppo\" - Associazione Italia Asean","robots":{"index":"index","follow":"follow","max-snippet":"max-snippet:-1","max-image-preview":"max-image-preview:large","max-video-preview":"max-video-preview:-1"},"canonical":"https:\/\/www.itasean.org\/en\/asean-timor-leste-nuovo-membro-amb-pipan-segnale-di-pace-e-sviluppo\/","og_locale":"en_GB","og_type":"article","og_title":"ASEAN, Timor Leste nuovo membro. Amb. Pipan: \"Segnale di pace e sviluppo\" - Associazione Italia Asean","og_description":"Durante il vertice di Kuala Lumpur, la piccola repubblica indipendente dal 2002 \u00e8 diventata l&#8217;undicesimo appartenente al gruppo dei Paesi del Sud-Est asiatico &#8220;L\u2019adesione della piccola repubblica di Timor Leste segna un momento importante per il Paese e per l\u2019intero ASEAN&#8221;. L&#8217;Ambasciatore Michelangelo Pipan, Presidente dell&#8217;Associazione Italia-ASEAN, commenta cos\u00ec l&#8217;ammissione di Dili nell&#8217;Associazione delle NazioniContinue reading","og_url":"https:\/\/www.itasean.org\/en\/asean-timor-leste-nuovo-membro-amb-pipan-segnale-di-pace-e-sviluppo\/","og_site_name":"Associazione Italia Asean","article_published_time":"2025-10-28T12:02:57+00:00","article_modified_time":"2025-10-28T12:03:01+00:00","og_image":[{"width":1111,"height":740,"url":"https:\/\/www.itasean.org\/wp-content\/uploads\/2025\/10\/Timor-Leste-1111x740-1.jpg","path":"\/var\/www\/www.itasean.org\/wp-content\/uploads\/2025\/10\/Timor-Leste-1111x740-1.jpg","size":"full","id":122483,"alt":"","pixels":822140,"type":"image\/jpeg"}],"twitter_card":"summary_large_image","twitter_misc":{"Written by":"Redazione","Estimated reading time":"2 minutes"},"schema":{"@context":"https:\/\/schema.org","@graph":[{"@type":"WebSite","@id":"https:\/\/www.itasean.org\/#website","url":"https:\/\/www.itasean.org\/","name":"Associazione Italia Asean","description":"","potentialAction":[{"@type":"SearchAction","target":{"@type":"EntryPoint","urlTemplate":"https:\/\/www.itasean.org\/?s={search_term_string}"},"query-input":"required name=search_term_string"}],"inLanguage":"en-GB"},{"@type":"ImageObject","@id":"https:\/\/www.itasean.org\/asean-timor-leste-nuovo-membro-amb-pipan-segnale-di-pace-e-sviluppo\/#primaryimage","inLanguage":"en-GB","url":"https:\/\/www.itasean.org\/wp-content\/uploads\/2025\/10\/Timor-Leste-1111x740-1.jpg","contentUrl":"https:\/\/www.itasean.org\/wp-content\/uploads\/2025\/10\/Timor-Leste-1111x740-1.jpg","width":1111,"height":740},{"@type":"WebPage","@id":"https:\/\/www.itasean.org\/asean-timor-leste-nuovo-membro-amb-pipan-segnale-di-pace-e-sviluppo\/#webpage","url":"https:\/\/www.itasean.org\/asean-timor-leste-nuovo-membro-amb-pipan-segnale-di-pace-e-sviluppo\/","name":"ASEAN, Timor Leste nuovo membro. Amb. Pipan: \"Segnale di pace e sviluppo\" - Associazione Italia Asean","isPartOf":{"@id":"https:\/\/www.itasean.org\/#website"},"primaryImageOfPage":{"@id":"https:\/\/www.itasean.org\/asean-timor-leste-nuovo-membro-amb-pipan-segnale-di-pace-e-sviluppo\/#primaryimage"},"datePublished":"2025-10-28T12:02:57+00:00","dateModified":"2025-10-28T12:03:01+00:00","author":{"@id":"https:\/\/www.itasean.org\/#\/schema\/person\/5f42a9b786e7464950082a049475085c"},"breadcrumb":{"@id":"https:\/\/www.itasean.org\/asean-timor-leste-nuovo-membro-amb-pipan-segnale-di-pace-e-sviluppo\/#breadcrumb"},"inLanguage":"en-GB","potentialAction":[{"@type":"ReadAction","target":["https:\/\/www.itasean.org\/asean-timor-leste-nuovo-membro-amb-pipan-segnale-di-pace-e-sviluppo\/"]}]},{"@type":"BreadcrumbList","@id":"https:\/\/www.itasean.org\/asean-timor-leste-nuovo-membro-amb-pipan-segnale-di-pace-e-sviluppo\/#breadcrumb","itemListElement":[{"@type":"ListItem","position":1,"name":"Home","item":"https:\/\/www.itasean.org\/"},{"@type":"ListItem","position":2,"name":"ASEAN, Timor Leste nuovo membro. Amb. Pipan: &#8220;Segnale di pace e sviluppo&#8221;"}]},{"@type":"Person","@id":"https:\/\/www.itasean.org\/#\/schema\/person\/5f42a9b786e7464950082a049475085c","name":"Redazione","image":{"@type":"ImageObject","@id":"https:\/\/www.itasean.org\/#personlogo","inLanguage":"en-GB","url":"https:\/\/www.itasean.org\/wp-content\/uploads\/avatars\/12\/5dd7e6b2b87b8-bpfull.png","contentUrl":"https:\/\/www.itasean.org\/wp-content\/uploads\/avatars\/12\/5dd7e6b2b87b8-bpfull.png","caption":"Redazione"},"url":"https:\/\/www.itasean.org\/en\/\/members\/andrealamberti\/"}]}},"ticketed":false,"_links":{"self":[{"href":"https:\/\/www.itasean.org\/en\/wp-json\/wp\/v2\/posts\/122480"}],"collection":[{"href":"https:\/\/www.itasean.org\/en\/wp-json\/wp\/v2\/posts"}],"about":[{"href":"https:\/\/www.itasean.org\/en\/wp-json\/wp\/v2\/types\/post"}],"author":[{"embeddable":true,"href":"https:\/\/www.itasean.org\/en\/wp-json\/wp\/v2\/users\/12"}],"replies":[{"embeddable":true,"href":"https:\/\/www.itasean.org\/en\/wp-json\/wp\/v2\/comments?post=122480"}],"version-history":[{"count":1,"href":"https:\/\/www.itasean.org\/en\/wp-json\/wp\/v2\/posts\/122480\/revisions"}],"predecessor-version":[{"id":122485,"href":"https:\/\/www.itasean.org\/en\/wp-json\/wp\/v2\/posts\/122480\/revisions\/122485"}],"wp:featuredmedia":[{"embeddable":true,"href":"https:\/\/www.itasean.org\/en\/wp-json\/wp\/v2\/media\/122483"}],"wp:attachment":[{"href":"https:\/\/www.itasean.org\/en\/wp-json\/wp\/v2\/media?parent=122480"}],"wp:term":[{"taxonomy":"category","embeddable":true,"href":"https:\/\/www.itasean.org\/en\/wp-json\/wp\/v2\/categories?post=122480"},{"taxonomy":"post_tag","embeddable":true,"href":"https:\/\/www.itasean.org\/en\/wp-json\/wp\/v2\/tags?post=122480"}],"curies":[{"name":"wp","href":"https:\/\/api.w.org\/{rel}","templated":true}]}}