{"id":239,"date":"2015-11-11T12:16:40","date_gmt":"2015-11-11T11:16:40","guid":{"rendered":"http:\/\/www.itasean.org\/?p=239"},"modified":"2015-11-11T12:16:40","modified_gmt":"2015-11-11T11:16:40","slug":"enrico-letta-presidente-dellassociazione-italia-asean-a-giacarta-con-mattarella","status":"publish","type":"post","link":"https:\/\/www.itasean.org\/en\/enrico-letta-presidente-dellassociazione-italia-asean-a-giacarta-con-mattarella\/","title":{"rendered":"Enrico Letta, presidente dell&#039;associazione Italia-Asean, a Giacarta con Sergio Mattarella"},"content":{"rendered":"<p>Giacarta. Prima uscita ufficiale per <strong>Enrico Letta<\/strong>, nella veste di presidente della Associazione Italia-Asean che promuove i rapporti tra il nostro Paese e le dieci nazioni del Sud Est asiatico. Letta ha accompagnato il presidente della Repubblica, Sergio Mattarella, all&#8217;incontro con il segretario generale dell&#8217;Asean Le Luong Minh durante la sua visita in Indonesia. Dopo la fine del suo governo e dopo le dimissioni da deputato, Letta ha scritto un libro, fondato una scuola di politica ed \u00e8 diventato rettore della facolt\u00e0 di Scienze politiche dell&#8217; Universit\u00e0 di Parigi. Ora<strong> il suo consolidato interesse per le aree del Sud est asiatico e del Pacifico, coltivato negli anni, ha trovato forma istituzionale con la presidenza dell&#8217;Associazione Italia-Asean<\/strong>. E proprio in questa veste Letta ha accompagnato Mattarella all&#8217;incontro con i vertici Asean. <strong>Il Presidente della Repubblica si \u00e8 dichiarato molto soddisfatto dell\u2019incontro, che serve a &#8220;incrementare la collaborazione tra Italia e Asean&#8221;<\/strong> ed ha spiegato che il segretario generale ha sollecitato da parte dell\u2019Italia un ruolo di <em>moral suasion<\/em> sull&#8217;Europa affinch\u00e9 si instauri una pi\u00f9 stretta cooperazione tra Asean e Ue. Durante l&#8217;incontro \u00e8 stata presentata l&#8217;Associazione Italia-Asean e Le Luong Minh ha apprezzato che a presiederla sia stato chiamato un ex primo ministro come Letta. Il Capo dello Stato spera che questo viaggio contribuisca a &#8220;un maggiore incremento dei rapporti con l&#8217;Italia ma anche con tutta l\u2019Unione europea, nell&#8217; interesse di tutte le parti&#8221;. L&#8217; Associazione Italia-Asean \u00e8 nata da poche settimane ed ha avuto proprio in questi giorni il suo battesimo del fuoco in concomitanza con la visita di Mattarella, durante la quale \u00e8 stato anche organizzato il primo Dialogo bilaterale tra Italia e Indonesia, che ha chiamato a raccolta istituzioni e imprese ed ha portato alla firma di accordi per un miliardo e mezzo di euro.<br \/>\nL&#8217;Asean riunisce Indonesia, Vietnam, Brunei, Cambogia, Laos, Malaysia, Myanmar, Filippine, Singapore, Thailandia e sta progettando di rendere la sua collaborazione politica una cooperazione economica sul modello di quella della Ue. Nell&#8217;area vivono 630 milioni di abitanti, \u00e8 gi\u00e0 ora la regione con il settimo Pil mondiale ed \u00e8 previsto che diventi il quarto nel 2050. L&#8217;Italia \u00e8 gi\u00e0 fortemente presente nell&#8217;area, con rapporti bilaterali con diversi paesi e circa 420 aziende che operano da diversi anni. Alcuni paesi dell&#8217;Asean hanno gi\u00e0 siglato accordi di libero scambio con la Ue, ma l\u2019obiettivo \u00e8 di rendere tali intese singole un unico accordo di sistema tra le due aree europea e asiatica. I paesi Asean sono il terzo partner commerciale della Ue e a giugno l&#8217;Alto rappresentante della politica estera europea Federica Mogherini ha inviato un documento al consiglio dei ministri degli esteri per sottolineare l&#8217;importanza della collaborazione tra le due aree. Anche Mattarella ha auspicato che &#8220;si concretizzi rapidamente l&#8217; accordo di libero scambio.<br \/>\n<strong>Fonte: Agi<\/strong><\/p>","protected":false},"excerpt":{"rendered":"<p>Giacarta. Prima uscita ufficiale per Enrico Letta, nella veste di presidente della Associazione Italia-Asean che promuove i rapporti tra il nostro Paese e le dieci nazioni del Sud Est asiatico. <\/p>","protected":false},"author":1,"featured_media":241,"comment_status":"open","ping_status":"open","sticky":false,"template":"","format":"standard","meta":{"_bbp_topic_count":0,"_bbp_reply_count":0,"_bbp_total_topic_count":0,"_bbp_total_reply_count":0,"_bbp_voice_count":0,"_bbp_anonymous_reply_count":0,"_bbp_topic_count_hidden":0,"_bbp_reply_count_hidden":0,"_bbp_forum_subforum_count":0,"_price":"","_stock":"","_tribe_ticket_header":"","_tribe_default_ticket_provider":"","_tribe_ticket_capacity":"0","_ticket_start_date":"","_ticket_end_date":"","_tribe_ticket_show_description":"","_tribe_ticket_show_not_going":false,"_tribe_ticket_use_global_stock":"","_tribe_ticket_global_stock_level":"","_global_stock_mode":"","_global_stock_cap":"","_tribe_rsvp_for_event":"","_tribe_ticket_going_count":"","_tribe_ticket_not_going_count":"","_tribe_tickets_list":[],"_tribe_ticket_has_attendee_info_fields":false,"_EventAllDay":false,"_EventTimezone":"","_EventStartDate":"","_EventEndDate":"","_EventStartDateUTC":"","_EventEndDateUTC":"","_EventShowMap":false,"_EventShowMapLink":false,"_EventURL":"","_EventCost":"","_EventCostDescription":"","_EventCurrencySymbol":"","_EventCurrencyPosition":"","_EventDateTimeSeparator":"","_EventTimeRangeSeparator":"","_EventOrganizerID":[],"_EventVenueID":0,"_OrganizerEmail":"","_OrganizerPhone":"","_OrganizerWebsite":"","_VenueAddress":"","_VenueCity":"","_VenueCountry":"","_VenueProvince":"","_VenueZip":"","_VenuePhone":"","_VenueURL":"","_VenueStateProvince":"","_VenueLat":"","_VenueLng":""},"categories":[89],"tags":[105,182,185,216,213],"yoast_head":"<!-- This site is optimized with the Yoast SEO plugin v17.0 - https:\/\/yoast.com\/wordpress\/plugins\/seo\/ -->\n<title>Enrico Letta, presidente dell&#039;associazione Italia-Asean, a Giacarta con Sergio Mattarella - Associazione Italia Asean<\/title>\n<meta name=\"robots\" content=\"index, follow, max-snippet:-1, max-image-preview:large, max-video-preview:-1\" \/>\n<link rel=\"canonical\" href=\"https:\/\/www.itasean.org\/en\/enrico-letta-presidente-dellassociazione-italia-asean-a-giacarta-con-mattarella\/\" \/>\n<meta property=\"og:locale\" content=\"en_GB\" \/>\n<meta property=\"og:type\" content=\"article\" \/>\n<meta property=\"og:title\" content=\"Enrico Letta, presidente dell&#039;associazione Italia-Asean, a Giacarta con Sergio Mattarella - Associazione Italia Asean\" \/>\n<meta property=\"og:description\" content=\"Giacarta. Prima uscita ufficiale per Enrico Letta, nella veste di presidente della Associazione Italia-Asean che promuove i rapporti tra il nostro Paese e le dieci nazioni del Sud Est asiatico.\" \/>\n<meta property=\"og:url\" content=\"https:\/\/www.itasean.org\/en\/enrico-letta-presidente-dellassociazione-italia-asean-a-giacarta-con-mattarella\/\" \/>\n<meta property=\"og:site_name\" content=\"Associazione Italia Asean\" \/>\n<meta property=\"article:published_time\" content=\"2015-11-11T11:16:40+00:00\" \/>\n<meta property=\"og:image\" content=\"https:\/\/www.itasean.org\/wp-content\/uploads\/2015\/11\/enrico-letta-sergio-matterella-asea.jpg\" \/>\n\t<meta property=\"og:image:width\" content=\"800\" \/>\n\t<meta property=\"og:image:height\" content=\"548\" \/>\n<meta name=\"twitter:card\" content=\"summary_large_image\" \/>\n<meta name=\"twitter:label1\" content=\"Written by\" \/>\n\t<meta name=\"twitter:data1\" content=\"Redazione\" \/>\n\t<meta name=\"twitter:label2\" content=\"Estimated reading time\" \/>\n\t<meta name=\"twitter:data2\" content=\"2 minutes\" \/>\n<script type=\"application\/ld+json\" class=\"yoast-schema-graph\">{\"@context\":\"https:\/\/schema.org\",\"@graph\":[{\"@type\":\"WebSite\",\"@id\":\"https:\/\/www.itasean.org\/#website\",\"url\":\"https:\/\/www.itasean.org\/\",\"name\":\"Associazione Italia Asean\",\"description\":\"\",\"potentialAction\":[{\"@type\":\"SearchAction\",\"target\":{\"@type\":\"EntryPoint\",\"urlTemplate\":\"https:\/\/www.itasean.org\/?s={search_term_string}\"},\"query-input\":\"required name=search_term_string\"}],\"inLanguage\":\"en-GB\"},{\"@type\":\"ImageObject\",\"@id\":\"https:\/\/www.itasean.org\/enrico-letta-presidente-dellassociazione-italia-asean-a-giacarta-con-mattarella\/#primaryimage\",\"inLanguage\":\"en-GB\",\"url\":\"https:\/\/www.itasean.org\/wp-content\/uploads\/2015\/11\/enrico-letta-sergio-matterella-asea.jpg\",\"contentUrl\":\"https:\/\/www.itasean.org\/wp-content\/uploads\/2015\/11\/enrico-letta-sergio-matterella-asea.jpg\",\"width\":800,\"height\":548},{\"@type\":\"WebPage\",\"@id\":\"https:\/\/www.itasean.org\/enrico-letta-presidente-dellassociazione-italia-asean-a-giacarta-con-mattarella\/#webpage\",\"url\":\"https:\/\/www.itasean.org\/enrico-letta-presidente-dellassociazione-italia-asean-a-giacarta-con-mattarella\/\",\"name\":\"Enrico Letta, presidente dell&#039;associazione Italia-Asean, a Giacarta con Sergio Mattarella - Associazione Italia Asean\",\"isPartOf\":{\"@id\":\"https:\/\/www.itasean.org\/#website\"},\"primaryImageOfPage\":{\"@id\":\"https:\/\/www.itasean.org\/enrico-letta-presidente-dellassociazione-italia-asean-a-giacarta-con-mattarella\/#primaryimage\"},\"datePublished\":\"2015-11-11T11:16:40+00:00\",\"dateModified\":\"2015-11-11T11:16:40+00:00\",\"author\":{\"@id\":\"https:\/\/www.itasean.org\/#\/schema\/person\/b63178f2fbe281883c1329f6627b06bd\"},\"breadcrumb\":{\"@id\":\"https:\/\/www.itasean.org\/enrico-letta-presidente-dellassociazione-italia-asean-a-giacarta-con-mattarella\/#breadcrumb\"},\"inLanguage\":\"en-GB\",\"potentialAction\":[{\"@type\":\"ReadAction\",\"target\":[\"https:\/\/www.itasean.org\/enrico-letta-presidente-dellassociazione-italia-asean-a-giacarta-con-mattarella\/\"]}]},{\"@type\":\"BreadcrumbList\",\"@id\":\"https:\/\/www.itasean.org\/enrico-letta-presidente-dellassociazione-italia-asean-a-giacarta-con-mattarella\/#breadcrumb\",\"itemListElement\":[{\"@type\":\"ListItem\",\"position\":1,\"name\":\"Home\",\"item\":\"https:\/\/www.itasean.org\/\"},{\"@type\":\"ListItem\",\"position\":2,\"name\":\"Enrico Letta, presidente dell&#039;associazione Italia-Asean, a Giacarta con Sergio Mattarella\"}]},{\"@type\":\"Person\",\"@id\":\"https:\/\/www.itasean.org\/#\/schema\/person\/b63178f2fbe281883c1329f6627b06bd\",\"name\":\"Redazione\",\"image\":{\"@type\":\"ImageObject\",\"@id\":\"https:\/\/www.itasean.org\/#personlogo\",\"inLanguage\":\"en-GB\",\"url\":\"https:\/\/www.itasean.org\/wp-content\/uploads\/avatars\/1\/5cf907cc5141e-bpfull.png\",\"contentUrl\":\"https:\/\/www.itasean.org\/wp-content\/uploads\/avatars\/1\/5cf907cc5141e-bpfull.png\",\"caption\":\"Redazione\"},\"url\":\"https:\/\/www.itasean.org\/en\/\/members\/admin\/\"}]}<\/script>\n<!-- \/ Yoast SEO plugin. -->","yoast_head_json":{"title":"Enrico Letta, presidente dell&#039;associazione Italia-Asean, a Giacarta con Sergio Mattarella - Associazione Italia Asean","robots":{"index":"index","follow":"follow","max-snippet":"max-snippet:-1","max-image-preview":"max-image-preview:large","max-video-preview":"max-video-preview:-1"},"canonical":"https:\/\/www.itasean.org\/en\/enrico-letta-presidente-dellassociazione-italia-asean-a-giacarta-con-mattarella\/","og_locale":"en_GB","og_type":"article","og_title":"Enrico Letta, presidente dell&#039;associazione Italia-Asean, a Giacarta con Sergio Mattarella - Associazione Italia Asean","og_description":"Giacarta. Prima uscita ufficiale per Enrico Letta, nella veste di presidente della Associazione Italia-Asean che promuove i rapporti tra il nostro Paese e le dieci nazioni del Sud Est asiatico.","og_url":"https:\/\/www.itasean.org\/en\/enrico-letta-presidente-dellassociazione-italia-asean-a-giacarta-con-mattarella\/","og_site_name":"Associazione Italia Asean","article_published_time":"2015-11-11T11:16:40+00:00","og_image":[{"width":800,"height":548,"url":"https:\/\/www.itasean.org\/wp-content\/uploads\/2015\/11\/enrico-letta-sergio-matterella-asea.jpg","path":"\/var\/www\/www.itasean.org\/wp-content\/uploads\/2015\/11\/enrico-letta-sergio-matterella-asea.jpg","size":"full","id":241,"alt":"","pixels":438400,"type":"image\/jpeg"}],"twitter_card":"summary_large_image","twitter_misc":{"Written by":"Redazione","Estimated reading time":"2 minutes"},"schema":{"@context":"https:\/\/schema.org","@graph":[{"@type":"WebSite","@id":"https:\/\/www.itasean.org\/#website","url":"https:\/\/www.itasean.org\/","name":"Associazione Italia Asean","description":"","potentialAction":[{"@type":"SearchAction","target":{"@type":"EntryPoint","urlTemplate":"https:\/\/www.itasean.org\/?s={search_term_string}"},"query-input":"required name=search_term_string"}],"inLanguage":"en-GB"},{"@type":"ImageObject","@id":"https:\/\/www.itasean.org\/enrico-letta-presidente-dellassociazione-italia-asean-a-giacarta-con-mattarella\/#primaryimage","inLanguage":"en-GB","url":"https:\/\/www.itasean.org\/wp-content\/uploads\/2015\/11\/enrico-letta-sergio-matterella-asea.jpg","contentUrl":"https:\/\/www.itasean.org\/wp-content\/uploads\/2015\/11\/enrico-letta-sergio-matterella-asea.jpg","width":800,"height":548},{"@type":"WebPage","@id":"https:\/\/www.itasean.org\/enrico-letta-presidente-dellassociazione-italia-asean-a-giacarta-con-mattarella\/#webpage","url":"https:\/\/www.itasean.org\/enrico-letta-presidente-dellassociazione-italia-asean-a-giacarta-con-mattarella\/","name":"Enrico Letta, presidente dell&#039;associazione Italia-Asean, a Giacarta con Sergio Mattarella - Associazione Italia Asean","isPartOf":{"@id":"https:\/\/www.itasean.org\/#website"},"primaryImageOfPage":{"@id":"https:\/\/www.itasean.org\/enrico-letta-presidente-dellassociazione-italia-asean-a-giacarta-con-mattarella\/#primaryimage"},"datePublished":"2015-11-11T11:16:40+00:00","dateModified":"2015-11-11T11:16:40+00:00","author":{"@id":"https:\/\/www.itasean.org\/#\/schema\/person\/b63178f2fbe281883c1329f6627b06bd"},"breadcrumb":{"@id":"https:\/\/www.itasean.org\/enrico-letta-presidente-dellassociazione-italia-asean-a-giacarta-con-mattarella\/#breadcrumb"},"inLanguage":"en-GB","potentialAction":[{"@type":"ReadAction","target":["https:\/\/www.itasean.org\/enrico-letta-presidente-dellassociazione-italia-asean-a-giacarta-con-mattarella\/"]}]},{"@type":"BreadcrumbList","@id":"https:\/\/www.itasean.org\/enrico-letta-presidente-dellassociazione-italia-asean-a-giacarta-con-mattarella\/#breadcrumb","itemListElement":[{"@type":"ListItem","position":1,"name":"Home","item":"https:\/\/www.itasean.org\/"},{"@type":"ListItem","position":2,"name":"Enrico Letta, presidente dell&#039;associazione Italia-Asean, a Giacarta con Sergio Mattarella"}]},{"@type":"Person","@id":"https:\/\/www.itasean.org\/#\/schema\/person\/b63178f2fbe281883c1329f6627b06bd","name":"Redazione","image":{"@type":"ImageObject","@id":"https:\/\/www.itasean.org\/#personlogo","inLanguage":"en-GB","url":"https:\/\/www.itasean.org\/wp-content\/uploads\/avatars\/1\/5cf907cc5141e-bpfull.png","contentUrl":"https:\/\/www.itasean.org\/wp-content\/uploads\/avatars\/1\/5cf907cc5141e-bpfull.png","caption":"Redazione"},"url":"https:\/\/www.itasean.org\/en\/\/members\/admin\/"}]}},"ticketed":false,"_links":{"self":[{"href":"https:\/\/www.itasean.org\/en\/wp-json\/wp\/v2\/posts\/239"}],"collection":[{"href":"https:\/\/www.itasean.org\/en\/wp-json\/wp\/v2\/posts"}],"about":[{"href":"https:\/\/www.itasean.org\/en\/wp-json\/wp\/v2\/types\/post"}],"author":[{"embeddable":true,"href":"https:\/\/www.itasean.org\/en\/wp-json\/wp\/v2\/users\/1"}],"replies":[{"embeddable":true,"href":"https:\/\/www.itasean.org\/en\/wp-json\/wp\/v2\/comments?post=239"}],"version-history":[{"count":0,"href":"https:\/\/www.itasean.org\/en\/wp-json\/wp\/v2\/posts\/239\/revisions"}],"wp:featuredmedia":[{"embeddable":true,"href":"https:\/\/www.itasean.org\/en\/wp-json\/wp\/v2\/media\/241"}],"wp:attachment":[{"href":"https:\/\/www.itasean.org\/en\/wp-json\/wp\/v2\/media?parent=239"}],"wp:term":[{"taxonomy":"category","embeddable":true,"href":"https:\/\/www.itasean.org\/en\/wp-json\/wp\/v2\/categories?post=239"},{"taxonomy":"post_tag","embeddable":true,"href":"https:\/\/www.itasean.org\/en\/wp-json\/wp\/v2\/tags?post=239"}],"curies":[{"name":"wp","href":"https:\/\/api.w.org\/{rel}","templated":true}]}}