{"id":2618,"date":"2020-05-19T11:45:55","date_gmt":"2020-05-19T11:45:55","guid":{"rendered":"https:\/\/www.itasean.org\/?p=2618"},"modified":"2021-03-14T10:44:48","modified_gmt":"2021-03-14T10:44:48","slug":"il-momento-del-vietnam","status":"publish","type":"post","link":"https:\/\/www.itasean.org\/en\/il-momento-del-vietnam\/","title":{"rendered":"Il momento del Vietnam"},"content":{"rendered":"<div class=\"container inner-relative-wrapper\"><div class=\"row section-theme-padding\"><div class=\"row-cols-wrap vc_row wpb_row vc_row-fluid\">\n\n<div class=\"wpb_column vc_column_container vc_col-sm-12\"><div class=\"vc_column-inner\"><div class=\"wpb_wrapper\"><h2 style=\"text-align: left\" class=\"vc_custom_heading\" >Nonostante la guerra commerciale tra USA e Cina e l\u2019impatto della pandemia, il Vietnam si candida ad assumere un ruolo di spicco in questa nuova fase<\/h2>\n\t<div class=\"wpb_text_column wpb_content_element\" >\n\t\t<div class=\"wpb_wrapper\">\n\t\t\t<p>Con una popolazione giovane e dinamica e attraverso una serie di riforme strutturali significative, negli ultimi decenni il Vietnam ha vissuto una crescita rapida e costante. A dispetto di crisi domestiche e internazionali, l\u2019economia vietnamita si \u00e8 mostrata forte e solida, sostenuta da una robusta domanda interna e da un&#8217;industria manifatturiera orientata all&#8217;esportazione. L\u2019adesione all\u2019Associazione delle Nazioni del Sud-Est asiatico ha poi contribuito nel tempo a rafforzare la posizione del Paese, sia sul piano regionale che su quello internazionale.<\/p>\n<p>Negli ultimi anni, lo scontro commerciale tra Cina e Stati Uniti ha generato effetti collaterali che hanno interessato gran parte delle catene di valore regionali e globali. Per aggirare le tariffe e contenere i costi di produzione, diverse aziende hanno cominciato a trasferire le attivit\u00e0 produttive dalla Cina ad altri Paesi della regione e in particolare del Sud-Est asiatico. Tra questi, si \u00e8 distinto il Vietnam che, grazie alla competitivit\u00e0 della sua economia, \u00e8 stato in grado di attirare flussi di investimenti consistenti. Secondo diversi esperti e analisti, sembra proprio che in termini commerciali il Paese sia uno dei maggiori beneficiari dello scontro gli Stati Uniti e Cina.<\/p>\n<p>Il 14 maggio l\u2019Associazione Italia-ASEAN ha organizzato un webinar sul tema del Vietnam e della sua risposta all\u2019emergenza sanitaria con l&#8217;Ambasciatore d&#8217;Italia in Vietnam,\u00a0<strong>Antonio Alessandro<\/strong>, e il Direttore Generale per le Relazioni Internazionali delle Province del Vietnam, l\u2019Ambasciatore\u00a0<strong>Nguyen Hoang Long<\/strong>. L\u2019obiettivo era quello di fare un punto della situazione in Vietnam alla luce della recente crisi economica e sanitaria.<\/p>\n<p>Oggi infatti, data la profonda integrazione con l&#8217;economia globale, il Vietnam \u00e8 \u00a0stato duramente colpito dalla pandemia di Covid-19. In termini di danni subiti dall\u2019economia, il crollo del turismo, il calo della Borsa e la parziale interruzione delle catene di valore hanno fortemente danneggiato le attivit\u00e0 economiche nel Paese. Tuttavia, l&#8217;impatto sanitario della pandemia non \u00e8 stato cos\u00ec grave in Vietnam come in altri Paesi, grazie a diverse misure proattive che le autorit\u00e0 hanno messo in campo per affrontare l\u2019emergenza. Sul piano sanitario, la capacit\u00e0 del governo di agire con prontezza per isolare i casi positivi, tracciare i contatti e attuare quarantene selettive, ha dato i suoi frutti. Nel Paese i casi di Covid-19 sono meno di trecento, con una mortalit\u00e0 pari a zero, e solo pochi casi gravi. Le autorit\u00e0 vietnamite, che hanno anche ricevuto gli apprezzamenti dell\u2019Organizzazione Mondiale della Sanit\u00e0, sono state in grado di fornire una risposta repentina e completa, che ha messo il Paese nelle condizioni di contenere l\u2019impatto sanitario del virus e limitare gli effetti sul piano economico. Nonostante il Fondo Monetario Internazionale stimi per il Vietnam una crescita del 2,7% nel 2020, il governo vietnamita punta ancora a raggiungere l\u2019obiettivo di crescita del 5% con un\u2019ambiziosa strategia di rilancio, mirata a stimolare il consumo interno, attirare investimenti esteri diretti e sostenere l\u2019esportazione di beni ad alto valore aggiunto.<\/p>\n<p>Nonostante l\u2019impatto della pandemia dunque, Il Vietnam si candida a svolgere un ruolo di primo piano nel contesto regionale e internazionale in questa fase incerta. La Presidenza temporanea dell\u2019ASEAN, il seggio non permanente nel Consiglio di Sicurezza delle Nazioni Unite e l\u2019entrata in vigore degli accordi di libero scambio con l\u2019Unione Europea ad agosto mettono il Vietnam nelle condizioni ideali per continuare a sostenere lo sviluppo economico, politico e sociale del Paese nel breve e nel lungo periodo.<\/p>\n<p>&nbsp;<\/p>\n<p><em>Article edited by Tullio Ambrosone.<\/em><\/p>\n\n\t\t<\/div>\n\t<\/div>\n<\/div><\/div><\/div><\/div><\/div><\/div>","protected":false},"excerpt":{"rendered":"Nonostante la guerra commerciale tra USA e Cina e l\u2019impatto della pandemia, il Vietnam si candida ad assumere un ruolo di spicco in questa nuova fase Con una popolazione giovane e dinamica e attraverso una serie di riforme strutturali significative, negli ultimi decenni il Vietnam ha vissuto una crescita rapida e costante. A dispetto di<a class=\"btn btn-primary more-link\" href=\"https:\/\/www.itasean.org\/en\/il-momento-del-vietnam\/\">Continue reading<\/a>","protected":false},"author":28,"featured_media":2616,"comment_status":"closed","ping_status":"open","sticky":false,"template":"","format":"standard","meta":{"_bbp_topic_count":0,"_bbp_reply_count":0,"_bbp_total_topic_count":0,"_bbp_total_reply_count":0,"_bbp_voice_count":0,"_bbp_anonymous_reply_count":0,"_bbp_topic_count_hidden":0,"_bbp_reply_count_hidden":0,"_bbp_forum_subforum_count":0,"_price":"","_stock":"","_tribe_ticket_header":"","_tribe_default_ticket_provider":"","_tribe_ticket_capacity":"0","_ticket_start_date":"","_ticket_end_date":"","_tribe_ticket_show_description":"","_tribe_ticket_show_not_going":false,"_tribe_ticket_use_global_stock":"","_tribe_ticket_global_stock_level":"","_global_stock_mode":"","_global_stock_cap":"","_tribe_rsvp_for_event":"","_tribe_ticket_going_count":"","_tribe_ticket_not_going_count":"","_tribe_tickets_list":[],"_tribe_ticket_has_attendee_info_fields":false,"_EventAllDay":false,"_EventTimezone":"","_EventStartDate":"","_EventEndDate":"","_EventStartDateUTC":"","_EventEndDateUTC":"","_EventShowMap":false,"_EventShowMapLink":false,"_EventURL":"","_EventCost":"","_EventCostDescription":"","_EventCurrencySymbol":"","_EventCurrencyPosition":"","_EventDateTimeSeparator":"","_EventTimeRangeSeparator":"","_EventOrganizerID":[],"_EventVenueID":0,"_OrganizerEmail":"","_OrganizerPhone":"","_OrganizerWebsite":"","_VenueAddress":"","_VenueCity":"","_VenueCountry":"","_VenueProvince":"","_VenueZip":"","_VenuePhone":"","_VenueURL":"","_VenueStateProvince":"","_VenueLat":"","_VenueLng":""},"categories":[513,162],"tags":[188,214],"yoast_head":"<!-- This site is optimized with the Yoast SEO plugin v17.0 - https:\/\/yoast.com\/wordpress\/plugins\/seo\/ -->\n<title>Il momento del Vietnam - Associazione Italia Asean<\/title>\n<meta name=\"robots\" content=\"index, follow, max-snippet:-1, max-image-preview:large, max-video-preview:-1\" \/>\n<link rel=\"canonical\" href=\"https:\/\/www.itasean.org\/en\/il-momento-del-vietnam\/\" \/>\n<meta property=\"og:locale\" content=\"en_GB\" \/>\n<meta property=\"og:type\" content=\"article\" \/>\n<meta property=\"og:title\" content=\"Il momento del Vietnam - Associazione Italia Asean\" \/>\n<meta property=\"og:url\" content=\"https:\/\/www.itasean.org\/en\/il-momento-del-vietnam\/\" \/>\n<meta property=\"og:site_name\" content=\"Associazione Italia Asean\" \/>\n<meta property=\"article:published_time\" content=\"2020-05-19T11:45:55+00:00\" \/>\n<meta property=\"article:modified_time\" content=\"2021-03-14T10:44:48+00:00\" \/>\n<meta property=\"og:image\" content=\"https:\/\/www.itasean.org\/wp-content\/uploads\/2020\/05\/Vietnam.jpg\" \/>\n\t<meta property=\"og:image:width\" content=\"1471\" \/>\n\t<meta property=\"og:image:height\" content=\"828\" \/>\n<meta name=\"twitter:card\" content=\"summary_large_image\" \/>\n<meta name=\"twitter:label1\" content=\"Written by\" \/>\n\t<meta name=\"twitter:data1\" content=\"Redazione\" \/>\n\t<meta name=\"twitter:label2\" content=\"Estimated reading time\" \/>\n\t<meta name=\"twitter:data2\" content=\"3 minutes\" \/>\n<script type=\"application\/ld+json\" class=\"yoast-schema-graph\">{\"@context\":\"https:\/\/schema.org\",\"@graph\":[{\"@type\":\"WebSite\",\"@id\":\"https:\/\/www.itasean.org\/#website\",\"url\":\"https:\/\/www.itasean.org\/\",\"name\":\"Associazione Italia Asean\",\"description\":\"\",\"potentialAction\":[{\"@type\":\"SearchAction\",\"target\":{\"@type\":\"EntryPoint\",\"urlTemplate\":\"https:\/\/www.itasean.org\/?s={search_term_string}\"},\"query-input\":\"required name=search_term_string\"}],\"inLanguage\":\"en-GB\"},{\"@type\":\"ImageObject\",\"@id\":\"https:\/\/www.itasean.org\/il-momento-del-vietnam\/#primaryimage\",\"inLanguage\":\"en-GB\",\"url\":\"https:\/\/www.itasean.org\/wp-content\/uploads\/2020\/05\/Vietnam.jpg\",\"contentUrl\":\"https:\/\/www.itasean.org\/wp-content\/uploads\/2020\/05\/Vietnam.jpg\",\"width\":1471,\"height\":828},{\"@type\":\"WebPage\",\"@id\":\"https:\/\/www.itasean.org\/il-momento-del-vietnam\/#webpage\",\"url\":\"https:\/\/www.itasean.org\/il-momento-del-vietnam\/\",\"name\":\"Il momento del Vietnam - Associazione Italia Asean\",\"isPartOf\":{\"@id\":\"https:\/\/www.itasean.org\/#website\"},\"primaryImageOfPage\":{\"@id\":\"https:\/\/www.itasean.org\/il-momento-del-vietnam\/#primaryimage\"},\"datePublished\":\"2020-05-19T11:45:55+00:00\",\"dateModified\":\"2021-03-14T10:44:48+00:00\",\"author\":{\"@id\":\"https:\/\/www.itasean.org\/#\/schema\/person\/e1a8c20c818885abd2ee1915685d472a\"},\"breadcrumb\":{\"@id\":\"https:\/\/www.itasean.org\/il-momento-del-vietnam\/#breadcrumb\"},\"inLanguage\":\"en-GB\",\"potentialAction\":[{\"@type\":\"ReadAction\",\"target\":[\"https:\/\/www.itasean.org\/il-momento-del-vietnam\/\"]}]},{\"@type\":\"BreadcrumbList\",\"@id\":\"https:\/\/www.itasean.org\/il-momento-del-vietnam\/#breadcrumb\",\"itemListElement\":[{\"@type\":\"ListItem\",\"position\":1,\"name\":\"Home\",\"item\":\"https:\/\/www.itasean.org\/\"},{\"@type\":\"ListItem\",\"position\":2,\"name\":\"Il momento del Vietnam\"}]},{\"@type\":\"Person\",\"@id\":\"https:\/\/www.itasean.org\/#\/schema\/person\/e1a8c20c818885abd2ee1915685d472a\",\"name\":\"Redazione\",\"image\":{\"@type\":\"ImageObject\",\"@id\":\"https:\/\/www.itasean.org\/#personlogo\",\"inLanguage\":\"en-GB\",\"url\":\"https:\/\/www.itasean.org\/wp-content\/uploads\/avatars\/28\/5dd7e976b8075-bpfull.png\",\"contentUrl\":\"https:\/\/www.itasean.org\/wp-content\/uploads\/avatars\/28\/5dd7e976b8075-bpfull.png\",\"caption\":\"Redazione\"},\"url\":\"https:\/\/www.itasean.org\/en\/\/members\/redazione\/\"}]}<\/script>\n<!-- \/ Yoast SEO plugin. -->","yoast_head_json":{"title":"Il momento del Vietnam - Associazione Italia Asean","robots":{"index":"index","follow":"follow","max-snippet":"max-snippet:-1","max-image-preview":"max-image-preview:large","max-video-preview":"max-video-preview:-1"},"canonical":"https:\/\/www.itasean.org\/en\/il-momento-del-vietnam\/","og_locale":"en_GB","og_type":"article","og_title":"Il momento del Vietnam - Associazione Italia Asean","og_url":"https:\/\/www.itasean.org\/en\/il-momento-del-vietnam\/","og_site_name":"Associazione Italia Asean","article_published_time":"2020-05-19T11:45:55+00:00","article_modified_time":"2021-03-14T10:44:48+00:00","og_image":[{"width":1471,"height":828,"url":"https:\/\/www.itasean.org\/wp-content\/uploads\/2020\/05\/Vietnam.jpg","path":"\/var\/www\/www.itasean.org\/wp-content\/uploads\/2020\/05\/Vietnam.jpg","size":"full","id":2616,"alt":"","pixels":1217988,"type":"image\/jpeg"}],"twitter_card":"summary_large_image","twitter_misc":{"Written by":"Redazione","Estimated reading time":"3 minutes"},"schema":{"@context":"https:\/\/schema.org","@graph":[{"@type":"WebSite","@id":"https:\/\/www.itasean.org\/#website","url":"https:\/\/www.itasean.org\/","name":"Associazione Italia Asean","description":"","potentialAction":[{"@type":"SearchAction","target":{"@type":"EntryPoint","urlTemplate":"https:\/\/www.itasean.org\/?s={search_term_string}"},"query-input":"required name=search_term_string"}],"inLanguage":"en-GB"},{"@type":"ImageObject","@id":"https:\/\/www.itasean.org\/il-momento-del-vietnam\/#primaryimage","inLanguage":"en-GB","url":"https:\/\/www.itasean.org\/wp-content\/uploads\/2020\/05\/Vietnam.jpg","contentUrl":"https:\/\/www.itasean.org\/wp-content\/uploads\/2020\/05\/Vietnam.jpg","width":1471,"height":828},{"@type":"WebPage","@id":"https:\/\/www.itasean.org\/il-momento-del-vietnam\/#webpage","url":"https:\/\/www.itasean.org\/il-momento-del-vietnam\/","name":"Il momento del Vietnam - Associazione Italia Asean","isPartOf":{"@id":"https:\/\/www.itasean.org\/#website"},"primaryImageOfPage":{"@id":"https:\/\/www.itasean.org\/il-momento-del-vietnam\/#primaryimage"},"datePublished":"2020-05-19T11:45:55+00:00","dateModified":"2021-03-14T10:44:48+00:00","author":{"@id":"https:\/\/www.itasean.org\/#\/schema\/person\/e1a8c20c818885abd2ee1915685d472a"},"breadcrumb":{"@id":"https:\/\/www.itasean.org\/il-momento-del-vietnam\/#breadcrumb"},"inLanguage":"en-GB","potentialAction":[{"@type":"ReadAction","target":["https:\/\/www.itasean.org\/il-momento-del-vietnam\/"]}]},{"@type":"BreadcrumbList","@id":"https:\/\/www.itasean.org\/il-momento-del-vietnam\/#breadcrumb","itemListElement":[{"@type":"ListItem","position":1,"name":"Home","item":"https:\/\/www.itasean.org\/"},{"@type":"ListItem","position":2,"name":"Il momento del Vietnam"}]},{"@type":"Person","@id":"https:\/\/www.itasean.org\/#\/schema\/person\/e1a8c20c818885abd2ee1915685d472a","name":"Redazione","image":{"@type":"ImageObject","@id":"https:\/\/www.itasean.org\/#personlogo","inLanguage":"en-GB","url":"https:\/\/www.itasean.org\/wp-content\/uploads\/avatars\/28\/5dd7e976b8075-bpfull.png","contentUrl":"https:\/\/www.itasean.org\/wp-content\/uploads\/avatars\/28\/5dd7e976b8075-bpfull.png","caption":"Redazione"},"url":"https:\/\/www.itasean.org\/en\/\/members\/redazione\/"}]}},"ticketed":false,"_links":{"self":[{"href":"https:\/\/www.itasean.org\/en\/wp-json\/wp\/v2\/posts\/2618"}],"collection":[{"href":"https:\/\/www.itasean.org\/en\/wp-json\/wp\/v2\/posts"}],"about":[{"href":"https:\/\/www.itasean.org\/en\/wp-json\/wp\/v2\/types\/post"}],"author":[{"embeddable":true,"href":"https:\/\/www.itasean.org\/en\/wp-json\/wp\/v2\/users\/28"}],"replies":[{"embeddable":true,"href":"https:\/\/www.itasean.org\/en\/wp-json\/wp\/v2\/comments?post=2618"}],"version-history":[{"count":4,"href":"https:\/\/www.itasean.org\/en\/wp-json\/wp\/v2\/posts\/2618\/revisions"}],"predecessor-version":[{"id":2623,"href":"https:\/\/www.itasean.org\/en\/wp-json\/wp\/v2\/posts\/2618\/revisions\/2623"}],"wp:featuredmedia":[{"embeddable":true,"href":"https:\/\/www.itasean.org\/en\/wp-json\/wp\/v2\/media\/2616"}],"wp:attachment":[{"href":"https:\/\/www.itasean.org\/en\/wp-json\/wp\/v2\/media?parent=2618"}],"wp:term":[{"taxonomy":"category","embeddable":true,"href":"https:\/\/www.itasean.org\/en\/wp-json\/wp\/v2\/categories?post=2618"},{"taxonomy":"post_tag","embeddable":true,"href":"https:\/\/www.itasean.org\/en\/wp-json\/wp\/v2\/tags?post=2618"}],"curies":[{"name":"wp","href":"https:\/\/api.w.org\/{rel}","templated":true}]}}