{"id":6200,"date":"2022-11-03T14:47:11","date_gmt":"2022-11-03T14:47:11","guid":{"rendered":"https:\/\/www.itasean.org\/?p=6200"},"modified":"2022-11-03T14:56:41","modified_gmt":"2022-11-03T14:56:41","slug":"il-vietnam-leader-della-delocalizzazione","status":"publish","type":"post","link":"https:\/\/www.itasean.org\/en\/il-vietnam-leader-della-delocalizzazione\/","title":{"rendered":"Vietnam leader of the supply chain"},"content":{"rendered":"<h2><em>But developing a native high-tech industry is not that simple<\/em><\/h2>\r\n\r\n\r\n\r\n<p style=\"text-align: justify;\">Apple's future could be in Vietnam. For more than ten years, the Southeast Asian country has been an absolute leader in attracting the biggest technology brands: from Samsung, to Xiaomi, to Intel. And Steve Jobs' company is also producing components for the AirPods here, as well as testing the manufacturing of smartwatches and laptops. Being able to fit into the supply chain of these more complex devices would be a great success for the manufacturing industry in Hanoi.<\/p>\r\n\r\n\r\n\r\n<p style=\"text-align: justify;\">Vietnam has in fact recorded a growth in the export of technological goods unmatched by any other Asian country. From 13% in 2010, in just ten years, high-tech components have become 42% of the export. Moreover, in recent years the rising cost of inflation in Chinese manufacturing centers has prompted many producers to move their factories to Vietnam, where workers' wages are lower. First the trade war between Washington and Beijing and then the continuous and tight lockdowns in China, have incentivized companies, including Apple, to move to the country. But Hanoi's ability to attract foreign companies to work the components of technological devices in the country goes hand in hand with the difficulty in bringing out an industry of its own. According to reports published by the Ministry of Industry and Commerce in 2019, Vietnam has lagged behind most of its neighbors in the technology sector.\u00a0<\/p>\r\n\r\n\r\n\r\n<p style=\"text-align: justify;\">In previous years, the so-called \u201cAsian tigers\u201d have shown that growing in quality, from being part of the assembly line to becoming a real producer, is possible. Examples are the economies of China, Taiwan and South Korea, which, starting from a base of low-cost products, have turned their industries towards automotive and robotics. Vietnam has similar characteristics to these countries: low production costs, available manpower and an industrial policy coordinated by the state. However, two major problems loom: the lack of adequate infrastructure and highly skilled labor. In fact, managers and skilled workers make up only 10.7% of the entire Vietnamese workforce, the lowest percentage of all the major economies of Southeast Asia. Furthermore, in China for example, entire areas are dedicated to the creation of a single product; Vietnam, on the other hand, does not have these agglomerations. Its industries are scattered throughout the country and poorly integrated.<\/p>\r\n\r\n\r\n\r\n<p style=\"text-align: justify;\">It remains, then, to clarify whether the success achieved by the \"Asian tigers\" decades ago can still be replicated today, with a globalized economy transformed by the domination of the Chinese manufacturing sector. The role of Hanoi therefore still remains uncertain: in balance between continuing to be a reliable part of the production chain and, at the same time, ready to develop a strategy to enter the international market. Of course, success in high-tech would mean becoming competitive with big Asian brands, such as the Chinese Oppo or the Malaysian Silterra. But any failure, says the director of the Mekong Development Research Institute Phung Tung, would condemn the country to be \"forever a component of the supply chain\", with the disastrous consequences of stagnation, social inequality and debt crises.<\/p>\r\n\r\n\r\n\r\n<p style=\"text-align: justify;\">The solution to continue to attract foreign companies to the territory and, at the same time, develop an autonomous growth strategy, places Vietnam in front of a dilemma: the training of the workforce will increase the country's chances of launching itself into the high-tech industry, but it will also lead to an increase in wages, encouraging foreign producers to relocate elsewhere, such as Cambodia.<\/p>","protected":false},"excerpt":{"rendered":"<p>Ma sviluppare un\u2019industria high-tech autoctona non \u00e8 cos\u00ec semplice Il futuro della Apple potrebbe essere in Vietnam. Da pi\u00f9 di dieci anni il Paese del Sud-Est Asiatico \u00e8 un leader assoluto nell\u2019attrarre i pi\u00f9 grandi brand della tecnologia: da Samsung, a Xiaomi, a Intel. E anche la compagnia di Steve Jobs sta producendo qui i<a class=\"btn btn-primary more-link\" href=\"https:\/\/www.itasean.org\/en\/il-vietnam-leader-della-delocalizzazione\/\">Continue reading<\/a><\/p>","protected":false},"author":168,"featured_media":6201,"comment_status":"closed","ping_status":"open","sticky":false,"template":"","format":"standard","meta":{"_bbp_topic_count":0,"_bbp_reply_count":0,"_bbp_total_topic_count":0,"_bbp_total_reply_count":0,"_bbp_voice_count":0,"_bbp_anonymous_reply_count":0,"_bbp_topic_count_hidden":0,"_bbp_reply_count_hidden":0,"_bbp_forum_subforum_count":0,"_price":"","_stock":"","_tribe_ticket_header":"","_tribe_default_ticket_provider":"Tribe__Tickets_Plus__Commerce__WooCommerce__Main","_tribe_ticket_capacity":"0","_ticket_start_date":"","_ticket_end_date":"","_tribe_ticket_show_description":"","_tribe_ticket_show_not_going":false,"_tribe_ticket_use_global_stock":"","_tribe_ticket_global_stock_level":"","_global_stock_mode":"","_global_stock_cap":"","_tribe_rsvp_for_event":"","_tribe_ticket_going_count":"","_tribe_ticket_not_going_count":"","_tribe_tickets_list":[],"_tribe_ticket_has_attendee_info_fields":false,"_EventAllDay":false,"_EventTimezone":"","_EventStartDate":"","_EventEndDate":"","_EventStartDateUTC":"","_EventEndDateUTC":"","_EventShowMap":false,"_EventShowMapLink":false,"_EventURL":"","_EventCost":"","_EventCostDescription":"","_EventCurrencySymbol":"","_EventCurrencyPosition":"","_EventDateTimeSeparator":"","_EventTimeRangeSeparator":"","_EventOrganizerID":[],"_EventVenueID":0,"_OrganizerEmail":"","_OrganizerPhone":"","_OrganizerWebsite":"","_VenueAddress":"","_VenueCity":"","_VenueCountry":"","_VenueProvince":"","_VenueZip":"","_VenuePhone":"","_VenueURL":"","_VenueStateProvince":"","_VenueLat":"","_VenueLng":""},"categories":[512,162],"tags":[],"yoast_head":"<!-- This site is optimized with the Yoast SEO plugin v17.0 - https:\/\/yoast.com\/wordpress\/plugins\/seo\/ -->\n<title>Il Vietnam leader della delocalizzazione - Associazione Italia Asean<\/title>\n<meta name=\"robots\" content=\"index, follow, max-snippet:-1, max-image-preview:large, max-video-preview:-1\" \/>\n<link rel=\"canonical\" href=\"https:\/\/www.itasean.org\/en\/il-vietnam-leader-della-delocalizzazione\/\" \/>\n<meta property=\"og:locale\" content=\"en_GB\" \/>\n<meta property=\"og:type\" content=\"article\" \/>\n<meta property=\"og:title\" content=\"Il Vietnam leader della delocalizzazione - Associazione Italia Asean\" \/>\n<meta property=\"og:description\" content=\"Ma sviluppare un\u2019industria high-tech autoctona non \u00e8 cos\u00ec semplice Il futuro della Apple potrebbe essere in Vietnam. Da pi\u00f9 di dieci anni il Paese del Sud-Est Asiatico \u00e8 un leader assoluto nell\u2019attrarre i pi\u00f9 grandi brand della tecnologia: da Samsung, a Xiaomi, a Intel. E anche la compagnia di Steve Jobs sta producendo qui iContinue reading\" \/>\n<meta property=\"og:url\" content=\"https:\/\/www.itasean.org\/en\/il-vietnam-leader-della-delocalizzazione\/\" \/>\n<meta property=\"og:site_name\" content=\"Associazione Italia Asean\" \/>\n<meta property=\"article:published_time\" content=\"2022-11-03T14:47:11+00:00\" \/>\n<meta property=\"article:modified_time\" content=\"2022-11-03T14:56:41+00:00\" \/>\n<meta property=\"og:image\" content=\"https:\/\/www.itasean.org\/wp-content\/uploads\/2022\/11\/3-VEN-04.11-foto-Leban-scaled.jpg\" \/>\n\t<meta property=\"og:image:width\" content=\"2560\" \/>\n\t<meta property=\"og:image:height\" content=\"1707\" \/>\n<meta name=\"twitter:card\" content=\"summary_large_image\" \/>\n<meta name=\"twitter:label1\" content=\"Written by\" \/>\n\t<meta name=\"twitter:data1\" content=\"Emilia Leban\" \/>\n\t<meta name=\"twitter:label2\" content=\"Estimated reading time\" \/>\n\t<meta name=\"twitter:data2\" content=\"3 minutes\" \/>\n<script type=\"application\/ld+json\" class=\"yoast-schema-graph\">{\"@context\":\"https:\/\/schema.org\",\"@graph\":[{\"@type\":\"WebSite\",\"@id\":\"https:\/\/www.itasean.org\/#website\",\"url\":\"https:\/\/www.itasean.org\/\",\"name\":\"Associazione Italia Asean\",\"description\":\"\",\"potentialAction\":[{\"@type\":\"SearchAction\",\"target\":{\"@type\":\"EntryPoint\",\"urlTemplate\":\"https:\/\/www.itasean.org\/?s={search_term_string}\"},\"query-input\":\"required name=search_term_string\"}],\"inLanguage\":\"en-GB\"},{\"@type\":\"ImageObject\",\"@id\":\"https:\/\/www.itasean.org\/il-vietnam-leader-della-delocalizzazione\/#primaryimage\",\"inLanguage\":\"en-GB\",\"url\":\"https:\/\/www.itasean.org\/wp-content\/uploads\/2022\/11\/3-VEN-04.11-foto-Leban-scaled.jpg\",\"contentUrl\":\"https:\/\/www.itasean.org\/wp-content\/uploads\/2022\/11\/3-VEN-04.11-foto-Leban-scaled.jpg\",\"width\":2560,\"height\":1707},{\"@type\":\"WebPage\",\"@id\":\"https:\/\/www.itasean.org\/il-vietnam-leader-della-delocalizzazione\/#webpage\",\"url\":\"https:\/\/www.itasean.org\/il-vietnam-leader-della-delocalizzazione\/\",\"name\":\"Il Vietnam leader della delocalizzazione - Associazione Italia Asean\",\"isPartOf\":{\"@id\":\"https:\/\/www.itasean.org\/#website\"},\"primaryImageOfPage\":{\"@id\":\"https:\/\/www.itasean.org\/il-vietnam-leader-della-delocalizzazione\/#primaryimage\"},\"datePublished\":\"2022-11-03T14:47:11+00:00\",\"dateModified\":\"2022-11-03T14:56:41+00:00\",\"author\":{\"@id\":\"https:\/\/www.itasean.org\/#\/schema\/person\/8c4b508d805b9a0c730702ea178adfd0\"},\"breadcrumb\":{\"@id\":\"https:\/\/www.itasean.org\/il-vietnam-leader-della-delocalizzazione\/#breadcrumb\"},\"inLanguage\":\"en-GB\",\"potentialAction\":[{\"@type\":\"ReadAction\",\"target\":[\"https:\/\/www.itasean.org\/il-vietnam-leader-della-delocalizzazione\/\"]}]},{\"@type\":\"BreadcrumbList\",\"@id\":\"https:\/\/www.itasean.org\/il-vietnam-leader-della-delocalizzazione\/#breadcrumb\",\"itemListElement\":[{\"@type\":\"ListItem\",\"position\":1,\"name\":\"Home\",\"item\":\"https:\/\/www.itasean.org\/\"},{\"@type\":\"ListItem\",\"position\":2,\"name\":\"Il Vietnam leader della delocalizzazione\"}]},{\"@type\":\"Person\",\"@id\":\"https:\/\/www.itasean.org\/#\/schema\/person\/8c4b508d805b9a0c730702ea178adfd0\",\"name\":\"Emilia Leban\",\"image\":{\"@type\":\"ImageObject\",\"@id\":\"https:\/\/www.itasean.org\/#personlogo\",\"inLanguage\":\"en-GB\",\"url\":\"https:\/\/www.itasean.org\/wp-content\/uploads\/avatars\/168\/6009f1e54ab8b-bpfull.png\",\"contentUrl\":\"https:\/\/www.itasean.org\/wp-content\/uploads\/avatars\/168\/6009f1e54ab8b-bpfull.png\",\"caption\":\"Emilia Leban\"},\"url\":\"https:\/\/www.itasean.org\/en\/\/members\/emilialeban\/\"}]}<\/script>\n<!-- \/ Yoast SEO plugin. -->","yoast_head_json":{"title":"Il Vietnam leader della delocalizzazione - Associazione Italia Asean","robots":{"index":"index","follow":"follow","max-snippet":"max-snippet:-1","max-image-preview":"max-image-preview:large","max-video-preview":"max-video-preview:-1"},"canonical":"https:\/\/www.itasean.org\/en\/il-vietnam-leader-della-delocalizzazione\/","og_locale":"en_GB","og_type":"article","og_title":"Il Vietnam leader della delocalizzazione - Associazione Italia Asean","og_description":"Ma sviluppare un\u2019industria high-tech autoctona non \u00e8 cos\u00ec semplice Il futuro della Apple potrebbe essere in Vietnam. Da pi\u00f9 di dieci anni il Paese del Sud-Est Asiatico \u00e8 un leader assoluto nell\u2019attrarre i pi\u00f9 grandi brand della tecnologia: da Samsung, a Xiaomi, a Intel. E anche la compagnia di Steve Jobs sta producendo qui iContinue reading","og_url":"https:\/\/www.itasean.org\/en\/il-vietnam-leader-della-delocalizzazione\/","og_site_name":"Associazione Italia Asean","article_published_time":"2022-11-03T14:47:11+00:00","article_modified_time":"2022-11-03T14:56:41+00:00","og_image":[{"width":2560,"height":1707,"url":"https:\/\/www.itasean.org\/wp-content\/uploads\/2022\/11\/3-VEN-04.11-foto-Leban-scaled.jpg","path":"\/var\/www\/www.itasean.org\/wp-content\/uploads\/2022\/11\/3-VEN-04.11-foto-Leban-scaled.jpg","size":"full","id":6201,"alt":"","pixels":4369920,"type":"image\/jpeg"}],"twitter_card":"summary_large_image","twitter_misc":{"Written by":"Emilia Leban","Estimated reading time":"3 minutes"},"schema":{"@context":"https:\/\/schema.org","@graph":[{"@type":"WebSite","@id":"https:\/\/www.itasean.org\/#website","url":"https:\/\/www.itasean.org\/","name":"Associazione Italia Asean","description":"","potentialAction":[{"@type":"SearchAction","target":{"@type":"EntryPoint","urlTemplate":"https:\/\/www.itasean.org\/?s={search_term_string}"},"query-input":"required name=search_term_string"}],"inLanguage":"en-GB"},{"@type":"ImageObject","@id":"https:\/\/www.itasean.org\/il-vietnam-leader-della-delocalizzazione\/#primaryimage","inLanguage":"en-GB","url":"https:\/\/www.itasean.org\/wp-content\/uploads\/2022\/11\/3-VEN-04.11-foto-Leban-scaled.jpg","contentUrl":"https:\/\/www.itasean.org\/wp-content\/uploads\/2022\/11\/3-VEN-04.11-foto-Leban-scaled.jpg","width":2560,"height":1707},{"@type":"WebPage","@id":"https:\/\/www.itasean.org\/il-vietnam-leader-della-delocalizzazione\/#webpage","url":"https:\/\/www.itasean.org\/il-vietnam-leader-della-delocalizzazione\/","name":"Il Vietnam leader della delocalizzazione - Associazione Italia Asean","isPartOf":{"@id":"https:\/\/www.itasean.org\/#website"},"primaryImageOfPage":{"@id":"https:\/\/www.itasean.org\/il-vietnam-leader-della-delocalizzazione\/#primaryimage"},"datePublished":"2022-11-03T14:47:11+00:00","dateModified":"2022-11-03T14:56:41+00:00","author":{"@id":"https:\/\/www.itasean.org\/#\/schema\/person\/8c4b508d805b9a0c730702ea178adfd0"},"breadcrumb":{"@id":"https:\/\/www.itasean.org\/il-vietnam-leader-della-delocalizzazione\/#breadcrumb"},"inLanguage":"en-GB","potentialAction":[{"@type":"ReadAction","target":["https:\/\/www.itasean.org\/il-vietnam-leader-della-delocalizzazione\/"]}]},{"@type":"BreadcrumbList","@id":"https:\/\/www.itasean.org\/il-vietnam-leader-della-delocalizzazione\/#breadcrumb","itemListElement":[{"@type":"ListItem","position":1,"name":"Home","item":"https:\/\/www.itasean.org\/"},{"@type":"ListItem","position":2,"name":"Il Vietnam leader della delocalizzazione"}]},{"@type":"Person","@id":"https:\/\/www.itasean.org\/#\/schema\/person\/8c4b508d805b9a0c730702ea178adfd0","name":"Emilia Leban","image":{"@type":"ImageObject","@id":"https:\/\/www.itasean.org\/#personlogo","inLanguage":"en-GB","url":"https:\/\/www.itasean.org\/wp-content\/uploads\/avatars\/168\/6009f1e54ab8b-bpfull.png","contentUrl":"https:\/\/www.itasean.org\/wp-content\/uploads\/avatars\/168\/6009f1e54ab8b-bpfull.png","caption":"Emilia Leban"},"url":"https:\/\/www.itasean.org\/en\/\/members\/emilialeban\/"}]}},"ticketed":false,"_links":{"self":[{"href":"https:\/\/www.itasean.org\/en\/wp-json\/wp\/v2\/posts\/6200"}],"collection":[{"href":"https:\/\/www.itasean.org\/en\/wp-json\/wp\/v2\/posts"}],"about":[{"href":"https:\/\/www.itasean.org\/en\/wp-json\/wp\/v2\/types\/post"}],"author":[{"embeddable":true,"href":"https:\/\/www.itasean.org\/en\/wp-json\/wp\/v2\/users\/168"}],"replies":[{"embeddable":true,"href":"https:\/\/www.itasean.org\/en\/wp-json\/wp\/v2\/comments?post=6200"}],"version-history":[{"count":2,"href":"https:\/\/www.itasean.org\/en\/wp-json\/wp\/v2\/posts\/6200\/revisions"}],"predecessor-version":[{"id":6203,"href":"https:\/\/www.itasean.org\/en\/wp-json\/wp\/v2\/posts\/6200\/revisions\/6203"}],"wp:featuredmedia":[{"embeddable":true,"href":"https:\/\/www.itasean.org\/en\/wp-json\/wp\/v2\/media\/6201"}],"wp:attachment":[{"href":"https:\/\/www.itasean.org\/en\/wp-json\/wp\/v2\/media?parent=6200"}],"wp:term":[{"taxonomy":"category","embeddable":true,"href":"https:\/\/www.itasean.org\/en\/wp-json\/wp\/v2\/categories?post=6200"},{"taxonomy":"post_tag","embeddable":true,"href":"https:\/\/www.itasean.org\/en\/wp-json\/wp\/v2\/tags?post=6200"}],"curies":[{"name":"wp","href":"https:\/\/api.w.org\/{rel}","templated":true}]}}