{"id":6485,"date":"2023-03-10T07:34:26","date_gmt":"2023-03-10T07:34:26","guid":{"rendered":"https:\/\/www.itasean.org\/?p=6485"},"modified":"2023-03-10T07:35:59","modified_gmt":"2023-03-10T07:35:59","slug":"vo-van-thuong-chi-e-il-nuovo-presidente-del-vietnam","status":"publish","type":"post","link":"https:\/\/www.itasean.org\/en\/vo-van-thuong-chi-e-il-nuovo-presidente-del-vietnam\/","title":{"rendered":"Vo Van Thuong, who is Vietnam's new President"},"content":{"rendered":"<h2 style=\"text-align: justify;\"><em>Close to Secretary Trong and the youngest member of the Politburo, his political parable is part of the broader political reshuffle of recent times<\/em><\/h2>\r\n\r\n\r\n\r\n<p style=\"text-align: justify;\" class=\" translation-block\">\"I am flesh and blood with my people \/ the same sweat, the same drop of boiling blood.\" It is by quoting the most famous Vietnamese poet of the 20th century that Vo Van Thuong officially took office as president of the Socialist Republic of Vietnam on March 2, 2023. After the unexpected resignation of Nguyen Xuan Phuc (the first in the history of the Socialist Republic) last Jan. 17, the political elite seems ready to leave behind a period of scandals and arrests.<\/p>\r\n<p style=\"text-align: justify;\" class=\" translation-block\">Before Phuc, also in January, the two deputy ministers Pham Binh Minh and Vu Duc Dam also handed in their resignations. Throughout the course of 2022, the Vietnamese Communist Party's (VPC) anti-corruption campaign was intertwined with the scandal of bribes for reparations during the pandemic and that of the scam around testing for Covid-19.  Signaling the need to clean up the image of the political leadership also falls under the timeliness of electing a new president without waiting for the National Assembly in May. The new president is named Vo Van Thuong and his election was approved by a vote of 98.8 percent.<\/p>\r\n<p style=\"text-align: justify;\" class=\" translation-block\"><b>Who is Vo Van Thuong<\/b><\/p>\r\n<p style=\"text-align: justify;\"><span style=\"font-weight: 400;\">Vo Van Thuong is a native of the southern province of Vinh Long. He was born in 1970 and is the youngest member of the current Politburo. It is no coincidence that the CPV and the National Assembly chose a South Vietnamese to serve as president. Traditionally, the \"four pillars\" of Vietnamese politics-that is, the PCV general secretary, head of state, prime minister, and chairman of the National Assembly-equally represent the country's two poles. As of 2021, however, no Vietnamese had yet assumed one of the four main offices. In Thuong's case, however, it is important to remember that his family had moved to North Vietnam and remained there until the end of the war.<\/span><\/p>\r\n<p style=\"text-align: justify;\" class=\" translation-block\">Unlike his predecessor, who majored in economics, Thuong majored in Marxist-Leninist philosophy at Ho Chi Minh University. But like Phuc, he soon climbed the Party ranks after years of active militancy in the world of youth associationism revolving around the CPV. He joined the Party in 1993, at age 23, and was elected to the Politburo during the 12th Congress in 2016. Analysts identify him as a loyalist of current Secretary Nguyen Phu Trong, who entrusted him with the PVC Executive Secretariat at the 13th Congress. With this track record Thuong had long been considered one of Trong's possible heirs, and today he is confirmed as a reassuring choice in troubled times. Not only that, the Vietnamese economy is experiencing one of the most prosperous periods in recent years, and confidence is no longer just a matter of domestic politics.<\/p>\r\n<p style=\"text-align: justify;\"><b>What Thuong's election means for the Vietnamese economy<\/b><\/p>\r\n<p style=\"text-align: justify;\" class=\" translation-block\">Today, Vietnam is one of the most promising countries economically: GDP growth exceeded 8 percent during 2022, and the International Monetary Fund (IMF) sees the continuation of this upward parabola with a balance +6.2 percent for 2023 (compared to the data from the National Institute of Statistics-quoted above-the IMF had estimated 2022 growth at +7 percent). Following Trong's reappointment to the Party leadership, moreover, what the leadership interprets as signs of stability to citizens and foreign investors seem to be consolidated.<\/p>\r\n<p style=\"text-align: justify;\" class=\" translation-block\">Consistent with what appears to be a purely political course set in motion with the 13th Congress (2021), in his inaugural speech Thuong preferred to give space to fighting corruption and building \"a clean [from corruption, ed.] and strong state apparatus.\" He went on to mention domestic development goals such as reaching middle income by 2030 and crowning the construction of a high-income socialist country by the centennial of the republic's founding, 2045.<\/p>\r\n<p style=\"text-align: justify;\" class=\" translation-block\">Vietnam's bureaucratic moloch remains an obstacle to innovation but, analysts point out, recent upheavals even at the highest echelons of Hanoi's political elite could positively affect the country's economic attractiveness. As Le Hong Hiep, senior fellow at ISEAS - Yusof Ishak Institute, points out, the sudden handover in the past two years would be interpreted as an acceleration in the country's political transition. Trong's third (exceptional) term would, therefore, be instrumental in building a solid and reassuring lineage. Although the competence of the chosen officials is still to be tested.<\/p>\r\n<p style=\"text-align: justify;\" class=\" translation-block\">A period of opportunity is opening up for Vietnam, supported by pushes from within and outside Hanoi: the shift of global value chains away from China, government incentives in high-tech development, and openness to investment in building a resilient energy apparatus. But the Party will need to balance investor enthusiasm with the country's structural problems, from infrastructure to bureaucracy. To do this, one man (or rather, four men) will not be enough to lead the nation. In the meantime, the presidency may just be an initial launching pad for Thuong, who-as a statement released by a Hanoi diplomat to the Reuters news agency claims-could then become Trong's successor to the Party leadership and thus move up to the top role in the political hierarchy.<\/p>\r\n<h1 style=\"text-align: justify;\"><br style=\"font-weight: 400;\" \/><br style=\"font-weight: 400;\" \/><br \/><\/h1>","protected":false},"excerpt":{"rendered":"<p>Vicino al Segretario Trong e membro pi\u00f9 giovane del Politburo, la sua parabola politica si inserisce nel pi\u00f9 ampio rimpasto politico degli ultimi tempi \u201cSono carne e sangue con il mio popolo \/ lo stesso sudore, la stessa goccia di sangue bollente\u201d. \u00c8 citando il pi\u00f9 noto poeta vietnamita del XX secolo che Vo Van<a class=\"btn btn-primary more-link\" href=\"https:\/\/www.itasean.org\/en\/vo-van-thuong-chi-e-il-nuovo-presidente-del-vietnam\/\">Continue reading<\/a><\/p>","protected":false},"author":2183,"featured_media":6486,"comment_status":"closed","ping_status":"open","sticky":false,"template":"","format":"standard","meta":{"_bbp_topic_count":0,"_bbp_reply_count":0,"_bbp_total_topic_count":0,"_bbp_total_reply_count":0,"_bbp_voice_count":0,"_bbp_anonymous_reply_count":0,"_bbp_topic_count_hidden":0,"_bbp_reply_count_hidden":0,"_bbp_forum_subforum_count":0,"_price":"","_stock":"","_tribe_ticket_header":"","_tribe_default_ticket_provider":"Tribe__Tickets_Plus__Commerce__WooCommerce__Main","_tribe_ticket_capacity":"0","_ticket_start_date":"","_ticket_end_date":"","_tribe_ticket_show_description":"","_tribe_ticket_show_not_going":false,"_tribe_ticket_use_global_stock":"","_tribe_ticket_global_stock_level":"","_global_stock_mode":"","_global_stock_cap":"","_tribe_rsvp_for_event":"","_tribe_ticket_going_count":"","_tribe_ticket_not_going_count":"","_tribe_tickets_list":[],"_tribe_ticket_has_attendee_info_fields":false,"_EventAllDay":false,"_EventTimezone":"","_EventStartDate":"","_EventEndDate":"","_EventStartDateUTC":"","_EventEndDateUTC":"","_EventShowMap":false,"_EventShowMapLink":false,"_EventURL":"","_EventCost":"","_EventCostDescription":"","_EventCurrencySymbol":"","_EventCurrencyPosition":"","_EventDateTimeSeparator":"","_EventTimeRangeSeparator":"","_EventOrganizerID":[],"_EventVenueID":0,"_OrganizerEmail":"","_OrganizerPhone":"","_OrganizerWebsite":"","_VenueAddress":"","_VenueCity":"","_VenueCountry":"","_VenueProvince":"","_VenueZip":"","_VenuePhone":"","_VenueURL":"","_VenueStateProvince":"","_VenueLat":"","_VenueLng":""},"categories":[513,162],"tags":[],"yoast_head":"<!-- This site is optimized with the Yoast SEO plugin v17.0 - https:\/\/yoast.com\/wordpress\/plugins\/seo\/ -->\n<title>Vo Van Thuong, chi \u00e8 il nuovo Presidente del Vietnam - Associazione Italia Asean<\/title>\n<meta name=\"robots\" content=\"index, follow, max-snippet:-1, max-image-preview:large, max-video-preview:-1\" \/>\n<link rel=\"canonical\" href=\"https:\/\/www.itasean.org\/en\/vo-van-thuong-chi-e-il-nuovo-presidente-del-vietnam\/\" \/>\n<meta property=\"og:locale\" content=\"en_GB\" \/>\n<meta property=\"og:type\" content=\"article\" \/>\n<meta property=\"og:title\" content=\"Vo Van Thuong, chi \u00e8 il nuovo Presidente del Vietnam - Associazione Italia Asean\" \/>\n<meta property=\"og:description\" content=\"Vicino al Segretario Trong e membro pi\u00f9 giovane del Politburo, la sua parabola politica si inserisce nel pi\u00f9 ampio rimpasto politico degli ultimi tempi \u201cSono carne e sangue con il mio popolo \/ lo stesso sudore, la stessa goccia di sangue bollente\u201d. \u00c8 citando il pi\u00f9 noto poeta vietnamita del XX secolo che Vo VanContinue reading\" \/>\n<meta property=\"og:url\" content=\"https:\/\/www.itasean.org\/en\/vo-van-thuong-chi-e-il-nuovo-presidente-del-vietnam\/\" \/>\n<meta property=\"og:site_name\" content=\"Associazione Italia Asean\" \/>\n<meta property=\"article:published_time\" content=\"2023-03-10T07:34:26+00:00\" \/>\n<meta property=\"article:modified_time\" content=\"2023-03-10T07:35:59+00:00\" \/>\n<meta property=\"og:image\" content=\"https:\/\/www.itasean.org\/wp-content\/uploads\/2023\/03\/c2a7845c0f2f1a8c27b2bb00c7592f04.jpg\" \/>\n\t<meta property=\"og:image:width\" content=\"457\" \/>\n\t<meta property=\"og:image:height\" content=\"305\" \/>\n<meta name=\"twitter:card\" content=\"summary_large_image\" \/>\n<meta name=\"twitter:label1\" content=\"Written by\" \/>\n\t<meta name=\"twitter:data1\" content=\"Sabrina Moles\" \/>\n\t<meta name=\"twitter:label2\" content=\"Estimated reading time\" \/>\n\t<meta name=\"twitter:data2\" content=\"4 minutes\" \/>\n<script type=\"application\/ld+json\" class=\"yoast-schema-graph\">{\"@context\":\"https:\/\/schema.org\",\"@graph\":[{\"@type\":\"WebSite\",\"@id\":\"https:\/\/www.itasean.org\/#website\",\"url\":\"https:\/\/www.itasean.org\/\",\"name\":\"Associazione Italia Asean\",\"description\":\"\",\"potentialAction\":[{\"@type\":\"SearchAction\",\"target\":{\"@type\":\"EntryPoint\",\"urlTemplate\":\"https:\/\/www.itasean.org\/?s={search_term_string}\"},\"query-input\":\"required name=search_term_string\"}],\"inLanguage\":\"en-GB\"},{\"@type\":\"ImageObject\",\"@id\":\"https:\/\/www.itasean.org\/vo-van-thuong-chi-e-il-nuovo-presidente-del-vietnam\/#primaryimage\",\"inLanguage\":\"en-GB\",\"url\":\"https:\/\/www.itasean.org\/wp-content\/uploads\/2023\/03\/c2a7845c0f2f1a8c27b2bb00c7592f04.jpg\",\"contentUrl\":\"https:\/\/www.itasean.org\/wp-content\/uploads\/2023\/03\/c2a7845c0f2f1a8c27b2bb00c7592f04.jpg\",\"width\":457,\"height\":305,\"caption\":\"epa10498181 A handout photo made available by Vietnam News Agency shows Vo Van Thuong, 53, speaking after taking oath as Vietnam's new president in Hanoi, Vietnam 02 March 2023. Vietnam's National Assembly elected Vo Van Thuong as president for the 2021-2026 term in an extraordinary meeting on 02 March, weeks after former president Nguyen Xuan Phuc's resignation. EPA\/VIETNAM NEWS AGENCY VIETNAM OUT HANDOUT EDITORIAL USE ONLY\/NO SALES\"},{\"@type\":\"WebPage\",\"@id\":\"https:\/\/www.itasean.org\/vo-van-thuong-chi-e-il-nuovo-presidente-del-vietnam\/#webpage\",\"url\":\"https:\/\/www.itasean.org\/vo-van-thuong-chi-e-il-nuovo-presidente-del-vietnam\/\",\"name\":\"Vo Van Thuong, chi \\u00e8 il nuovo Presidente del Vietnam - Associazione Italia Asean\",\"isPartOf\":{\"@id\":\"https:\/\/www.itasean.org\/#website\"},\"primaryImageOfPage\":{\"@id\":\"https:\/\/www.itasean.org\/vo-van-thuong-chi-e-il-nuovo-presidente-del-vietnam\/#primaryimage\"},\"datePublished\":\"2023-03-10T07:34:26+00:00\",\"dateModified\":\"2023-03-10T07:35:59+00:00\",\"author\":{\"@id\":\"https:\/\/www.itasean.org\/#\/schema\/person\/4c69f082380646c888f3ace385ddaf24\"},\"breadcrumb\":{\"@id\":\"https:\/\/www.itasean.org\/vo-van-thuong-chi-e-il-nuovo-presidente-del-vietnam\/#breadcrumb\"},\"inLanguage\":\"en-GB\",\"potentialAction\":[{\"@type\":\"ReadAction\",\"target\":[\"https:\/\/www.itasean.org\/vo-van-thuong-chi-e-il-nuovo-presidente-del-vietnam\/\"]}]},{\"@type\":\"BreadcrumbList\",\"@id\":\"https:\/\/www.itasean.org\/vo-van-thuong-chi-e-il-nuovo-presidente-del-vietnam\/#breadcrumb\",\"itemListElement\":[{\"@type\":\"ListItem\",\"position\":1,\"name\":\"Home\",\"item\":\"https:\/\/www.itasean.org\/\"},{\"@type\":\"ListItem\",\"position\":2,\"name\":\"Vo Van Thuong, chi \\u00e8 il nuovo Presidente del Vietnam\"}]},{\"@type\":\"Person\",\"@id\":\"https:\/\/www.itasean.org\/#\/schema\/person\/4c69f082380646c888f3ace385ddaf24\",\"name\":\"Sabrina Moles\",\"image\":{\"@type\":\"ImageObject\",\"@id\":\"https:\/\/www.itasean.org\/#personlogo\",\"inLanguage\":\"en-GB\",\"url\":\"https:\/\/www.itasean.org\/wp-content\/uploads\/avatars\/2183\/61386bf4376aa-bpfull.jpg\",\"contentUrl\":\"https:\/\/www.itasean.org\/wp-content\/uploads\/avatars\/2183\/61386bf4376aa-bpfull.jpg\",\"caption\":\"Sabrina Moles\"},\"url\":\"https:\/\/www.itasean.org\/en\/\/members\/sabrinamoles\/\"}]}<\/script>\n<!-- \/ Yoast SEO plugin. -->","yoast_head_json":{"title":"Vo Van Thuong, chi \u00e8 il nuovo Presidente del Vietnam - Associazione Italia Asean","robots":{"index":"index","follow":"follow","max-snippet":"max-snippet:-1","max-image-preview":"max-image-preview:large","max-video-preview":"max-video-preview:-1"},"canonical":"https:\/\/www.itasean.org\/en\/vo-van-thuong-chi-e-il-nuovo-presidente-del-vietnam\/","og_locale":"en_GB","og_type":"article","og_title":"Vo Van Thuong, chi \u00e8 il nuovo Presidente del Vietnam - Associazione Italia Asean","og_description":"Vicino al Segretario Trong e membro pi\u00f9 giovane del Politburo, la sua parabola politica si inserisce nel pi\u00f9 ampio rimpasto politico degli ultimi tempi \u201cSono carne e sangue con il mio popolo \/ lo stesso sudore, la stessa goccia di sangue bollente\u201d. \u00c8 citando il pi\u00f9 noto poeta vietnamita del XX secolo che Vo VanContinue reading","og_url":"https:\/\/www.itasean.org\/en\/vo-van-thuong-chi-e-il-nuovo-presidente-del-vietnam\/","og_site_name":"Associazione Italia Asean","article_published_time":"2023-03-10T07:34:26+00:00","article_modified_time":"2023-03-10T07:35:59+00:00","og_image":[{"width":457,"height":305,"url":"https:\/\/www.itasean.org\/wp-content\/uploads\/2023\/03\/c2a7845c0f2f1a8c27b2bb00c7592f04.jpg","path":"\/var\/www\/www.itasean.org\/wp-content\/uploads\/2023\/03\/c2a7845c0f2f1a8c27b2bb00c7592f04.jpg","size":"full","id":6486,"alt":"","pixels":139385,"type":"image\/jpeg"}],"twitter_card":"summary_large_image","twitter_misc":{"Written by":"Sabrina Moles","Estimated reading time":"4 minutes"},"schema":{"@context":"https:\/\/schema.org","@graph":[{"@type":"WebSite","@id":"https:\/\/www.itasean.org\/#website","url":"https:\/\/www.itasean.org\/","name":"Associazione Italia Asean","description":"","potentialAction":[{"@type":"SearchAction","target":{"@type":"EntryPoint","urlTemplate":"https:\/\/www.itasean.org\/?s={search_term_string}"},"query-input":"required name=search_term_string"}],"inLanguage":"en-GB"},{"@type":"ImageObject","@id":"https:\/\/www.itasean.org\/vo-van-thuong-chi-e-il-nuovo-presidente-del-vietnam\/#primaryimage","inLanguage":"en-GB","url":"https:\/\/www.itasean.org\/wp-content\/uploads\/2023\/03\/c2a7845c0f2f1a8c27b2bb00c7592f04.jpg","contentUrl":"https:\/\/www.itasean.org\/wp-content\/uploads\/2023\/03\/c2a7845c0f2f1a8c27b2bb00c7592f04.jpg","width":457,"height":305,"caption":"epa10498181 A handout photo made available by Vietnam News Agency shows Vo Van Thuong, 53, speaking after taking oath as Vietnam's new president in Hanoi, Vietnam 02 March 2023. Vietnam's National Assembly elected Vo Van Thuong as president for the 2021-2026 term in an extraordinary meeting on 02 March, weeks after former president Nguyen Xuan Phuc's resignation. EPA\/VIETNAM NEWS AGENCY VIETNAM OUT HANDOUT EDITORIAL USE ONLY\/NO SALES"},{"@type":"WebPage","@id":"https:\/\/www.itasean.org\/vo-van-thuong-chi-e-il-nuovo-presidente-del-vietnam\/#webpage","url":"https:\/\/www.itasean.org\/vo-van-thuong-chi-e-il-nuovo-presidente-del-vietnam\/","name":"Vo Van Thuong, chi \u00e8 il nuovo Presidente del Vietnam - Associazione Italia Asean","isPartOf":{"@id":"https:\/\/www.itasean.org\/#website"},"primaryImageOfPage":{"@id":"https:\/\/www.itasean.org\/vo-van-thuong-chi-e-il-nuovo-presidente-del-vietnam\/#primaryimage"},"datePublished":"2023-03-10T07:34:26+00:00","dateModified":"2023-03-10T07:35:59+00:00","author":{"@id":"https:\/\/www.itasean.org\/#\/schema\/person\/4c69f082380646c888f3ace385ddaf24"},"breadcrumb":{"@id":"https:\/\/www.itasean.org\/vo-van-thuong-chi-e-il-nuovo-presidente-del-vietnam\/#breadcrumb"},"inLanguage":"en-GB","potentialAction":[{"@type":"ReadAction","target":["https:\/\/www.itasean.org\/vo-van-thuong-chi-e-il-nuovo-presidente-del-vietnam\/"]}]},{"@type":"BreadcrumbList","@id":"https:\/\/www.itasean.org\/vo-van-thuong-chi-e-il-nuovo-presidente-del-vietnam\/#breadcrumb","itemListElement":[{"@type":"ListItem","position":1,"name":"Home","item":"https:\/\/www.itasean.org\/"},{"@type":"ListItem","position":2,"name":"Vo Van Thuong, chi \u00e8 il nuovo Presidente del Vietnam"}]},{"@type":"Person","@id":"https:\/\/www.itasean.org\/#\/schema\/person\/4c69f082380646c888f3ace385ddaf24","name":"Sabrina Moles","image":{"@type":"ImageObject","@id":"https:\/\/www.itasean.org\/#personlogo","inLanguage":"en-GB","url":"https:\/\/www.itasean.org\/wp-content\/uploads\/avatars\/2183\/61386bf4376aa-bpfull.jpg","contentUrl":"https:\/\/www.itasean.org\/wp-content\/uploads\/avatars\/2183\/61386bf4376aa-bpfull.jpg","caption":"Sabrina Moles"},"url":"https:\/\/www.itasean.org\/en\/\/members\/sabrinamoles\/"}]}},"ticketed":false,"_links":{"self":[{"href":"https:\/\/www.itasean.org\/en\/wp-json\/wp\/v2\/posts\/6485"}],"collection":[{"href":"https:\/\/www.itasean.org\/en\/wp-json\/wp\/v2\/posts"}],"about":[{"href":"https:\/\/www.itasean.org\/en\/wp-json\/wp\/v2\/types\/post"}],"author":[{"embeddable":true,"href":"https:\/\/www.itasean.org\/en\/wp-json\/wp\/v2\/users\/2183"}],"replies":[{"embeddable":true,"href":"https:\/\/www.itasean.org\/en\/wp-json\/wp\/v2\/comments?post=6485"}],"version-history":[{"count":2,"href":"https:\/\/www.itasean.org\/en\/wp-json\/wp\/v2\/posts\/6485\/revisions"}],"predecessor-version":[{"id":6489,"href":"https:\/\/www.itasean.org\/en\/wp-json\/wp\/v2\/posts\/6485\/revisions\/6489"}],"wp:featuredmedia":[{"embeddable":true,"href":"https:\/\/www.itasean.org\/en\/wp-json\/wp\/v2\/media\/6486"}],"wp:attachment":[{"href":"https:\/\/www.itasean.org\/en\/wp-json\/wp\/v2\/media?parent=6485"}],"wp:term":[{"taxonomy":"category","embeddable":true,"href":"https:\/\/www.itasean.org\/en\/wp-json\/wp\/v2\/categories?post=6485"},{"taxonomy":"post_tag","embeddable":true,"href":"https:\/\/www.itasean.org\/en\/wp-json\/wp\/v2\/tags?post=6485"}],"curies":[{"name":"wp","href":"https:\/\/api.w.org\/{rel}","templated":true}]}}